{"id":13812,"date":"2025-08-26T06:01:33","date_gmt":"2025-08-26T09:01:33","guid":{"rendered":"https:\/\/aprimora.site\/carvalhoalmeidaadvogados\/2025\/08\/26\/crises-economicas-globais-e-as-respostas-trabalhistas\/"},"modified":"2025-08-26T06:01:33","modified_gmt":"2025-08-26T09:01:33","slug":"crises-economicas-globais-e-as-respostas-trabalhistas","status":"publish","type":"post","link":"https:\/\/aprimora.site\/carvalhoalmeidaadvogados\/2025\/08\/26\/crises-economicas-globais-e-as-respostas-trabalhistas\/","title":{"rendered":"Crises econ\u00f4micas globais e as respostas trabalhistas"},"content":{"rendered":"<p>Nos \u00faltimos anos, a economia mundial tem sido marcada por sucessivas crises, considerando tens\u00f5es geopol\u00edticas, altera\u00e7\u00f5es de al\u00edquotas tarif\u00e1rias, embargos a determinados produtos, e mudan\u00e7as nas pol\u00edticas de importa\u00e7\u00e3o, que acabam por desencadear impactos diretos no com\u00e9rcio internacional, afetando setores produtivos inteiros e exigindo adapta\u00e7\u00f5es r\u00e1pidas das empresas.<\/p>\n<p>Os impactos dessas medidas na economia brasileira v\u00eam sendo amplamente discutidos. Segundo estimativas do Minist\u00e9rio do Desenvolvimento, Ind\u00fastria, Com\u00e9rcio e Servi\u00e7os, cerca de 55% das exporta\u00e7\u00f5es brasileiras devem ser impactadas em 2025, por alguma raz\u00e3o espec\u00edfica, sobretudo, altera\u00e7\u00f5es de al\u00edquotas tarif\u00e1rias.<\/p>\n<h3><a href=\"https:\/\/conteudo.jota.info\/marketing-lp-conversao-jota-pro-trabalhista?utm_source=site&amp;utm_medium=lp&amp;utm_campaign=11-03-2025-site-lp-cta-pro-trabalhista-lead-site-audiencias-trabalhista&amp;utm_content=site-lp-cta-pro-trabalhista-lead-site-trabalhista&amp;utm_term=audiencias\">Conhe\u00e7a o <span class=\"jota\">JOTA<\/span> PRO Trabalhista, solu\u00e7\u00e3o corporativa que antecipa as movimenta\u00e7\u00f5es trabalhistas no Judici\u00e1rio, Legislativo e Executivo<\/a><\/h3>\n<p>Entre outros setores, elencamos alguns diretamente afetados.<\/p>\n<p>Em 2024, o maior destino do caf\u00e9 n\u00e3o torrado brasileiro foram os Estados Unidos, que importaram 16,7% do total vendido pelo pa\u00eds, no valor global de US$ 1,9 bilh\u00e3o. A altera\u00e7\u00e3o das pol\u00edticas tarif\u00e1rias daquele pa\u00eds, pode, de alguma forma, impactar o setor.<\/p>\n<p>Segundo a Associa\u00e7\u00e3o Brasileira da Ind\u00fastria de Madeira Processada Mecanicamente, metade da produ\u00e7\u00e3o nacional \u00e9 destinada a parceiros comerciais internacionais espec\u00edficos, que, recentemente, alteraram suas pol\u00edticas tarif\u00e1rias.<\/p>\n<p>A Associa\u00e7\u00e3o Brasileira das Ind\u00fastrias Exportadoras de Carnes estimou perdas de US$ 1 bilh\u00e3o com a altera\u00e7\u00e3o da pol\u00edtica tarif\u00e1ria de parceiros comerciais.<\/p>\n<p>Segundo a Associa\u00e7\u00e3o Brasileira das Ind\u00fastrias de Pescados, aproximadamente 70% das exporta\u00e7\u00f5es brasileiras do segmento t\u00eam como destino o mercado da America do Norte. O setor enfrenta, ainda, a aus\u00eancia de alternativas comerciais relevantes, em raz\u00e3o do embargo imposto pela Uni\u00e3o Europeia \u00e0s importa\u00e7\u00f5es de pescados do Brasil, vigente desde 2017.<\/p>\n<p>No Brasil, esses movimentos repercutem tamb\u00e9m no mercado de trabalho, impondo desafios \u00e0 manuten\u00e7\u00e3o de empregos, \u00e0 renegocia\u00e7\u00e3o de contratos e \u00e0 revis\u00e3o de condi\u00e7\u00f5es laborais.<\/p>\n<p>Atualmente, a MP 1309, de 13 de agosto de 2025, instituiu o Plano Brasil Soberano, com objetivo de oferecer mecanismos de cr\u00e9dito e financiamento \u00e0s empresas exportadoras, as quais mantenham rela\u00e7\u00e3o comercial com os Estados Unidos.<\/p>\n<p>Na seara trabalhista, a novidade \u00e9 a exig\u00eancia de um compromisso para manuten\u00e7\u00e3o ou amplia\u00e7\u00e3o de empregos por parte das empresas que recorrerem \u00e0s linhas de cr\u00e9ditos oferecidas. A regulamenta\u00e7\u00e3o espec\u00edfica, por\u00e9m, ainda depende de ato do Minist\u00e9rio da Fazenda, que poder\u00e1 inclusive autorizar compromissos alternativos, caso a manuten\u00e7\u00e3o de empregos se mostre invi\u00e1vel.<\/p>\n<p>Diferentemente das medidas trabalhistas editadas durante a pandemia, a MP n\u00e3o disp\u00f4s de mecanismos diretos de flexibiliza\u00e7\u00e3o dos contratos de trabalho ou de redu\u00e7\u00e3o de jornada e sal\u00e1rio.<\/p>\n<p>Com efeito, a ado\u00e7\u00e3o de estrat\u00e9gias trabalhistas juridicamente seguras torna-se fundamental para a preserva\u00e7\u00e3o da capacidade produtiva das ind\u00fastrias, bem como, para conten\u00e7\u00e3o de eventuais passivos.<\/p>\n<p>Recentemente, houve evolu\u00e7\u00e3o da legisla\u00e7\u00e3o trabalhista e da jurisprud\u00eancia, permitindo a ado\u00e7\u00e3o de respostas r\u00e1pidas para enfrentamento, de forma segura, de per\u00edodos de crise, sejam globais ou nacionais, independente do motivo espec\u00edfico. Vejamos algumas delas.<\/p>\n<h3>1) Layoff<\/h3>\n<p>O layoff n\u00e3o \u00e9 uma novidade no Brasil. Ele foi <a href=\"http:\/\/www.planalto.gov.br\/ccivil_03\/mpv\/2164-41.htm\">regulamentado em 2001<\/a>\u00a0e ganhou destaque em 2015, quando montadoras de ve\u00edculos usaram esse recurso para evitar demiss\u00f5es em massa. Em 2020, com a pandemia da covid-19, o instituto voltou a ser utilizado.<\/p>\n<p>O recurso pode ser adotado por empregadores de duas maneiras: <strong>(a)<\/strong> redu\u00e7\u00e3o salarial e, proporcionalmente, da jornada de trabalho; ou <strong>(b)<\/strong> suspens\u00e3o tempor\u00e1ria do contrato de trabalho.<\/p>\n<p>No primeiro caso, a empresa pode diminuir a jornada em at\u00e9 25%, por, no m\u00e1ximo, tr\u00eas meses, pagando a remunera\u00e7\u00e3o proporcional \u00e0 referida redu\u00e7\u00e3o.<\/p>\n<p>A suspens\u00e3o do contrato de trabalho pode durar por, no m\u00ednimo, dois meses e, no m\u00e1ximo, cinco meses. Nesse caso, os empregados podem receber bolsa de qualifica\u00e7\u00e3o profissional, a qual se aproxima do conceito de seguro-desemprego, se cumprirem com os requisitos para o benef\u00edcio. Tamb\u00e9m devem participar de um curso ou programa de qualifica\u00e7\u00e3o profissional oferecido pelo empregador. Durante o per\u00edodo, os trabalhadores t\u00eam direito \u00e0 manuten\u00e7\u00e3o dos benef\u00edcios concedidos.<\/p>\n<p>Ressalta-se que \u00e9 obrigat\u00f3ria a participa\u00e7\u00e3o do sindicato da categoria na defini\u00e7\u00e3o do procedimento, a fim de que seja formalizado acordo coletivo.<\/p>\n<h3>2) Negocia\u00e7\u00e3o de acordos coletivos especiais<\/h3>\n<p>A negocia\u00e7\u00e3o coletiva pode contemplar certos ajustes quando n\u00e3o infringirem prote\u00e7\u00e3o constitucional, permitindo adequa\u00e7\u00e3o dos custos \u00e0 nova realidade. Recentemente, o Supremo Tribunal Federal (STF), por maioria, ao apreciar o tema 1.046 de repercuss\u00e3o geral, fixou tese no sentido de que s\u00e3o constitucionais as conven\u00e7\u00f5es e acordos coletivos que pactuam limita\u00e7\u00f5es ou afastamentos de direitos trabalhistas, desde que respeitados os direitos absolutamente indispon\u00edveis.<\/p>\n<p>Desta forma, \u00e9 poss\u00edvel mapear parcelas pass\u00edveis de negocia\u00e7\u00e3o coletiva, avaliando redu\u00e7\u00f5es e indicadores objetivos de recupera\u00e7\u00e3o, a fim de reduzir custos da opera\u00e7\u00e3o, ou ainda, criar alternativas para per\u00edodo de menor produ\u00e7\u00e3o.<\/p>\n<p>Ademais, \u00e9 poss\u00edvel analisar a flexibiliza\u00e7\u00e3o ou cancelamento de certos benef\u00edcios previstos nas normas coletivas vigentes, sobretudo, ante ao recente entendimento dos Tribunais Superiores no sentido de que condi\u00e7\u00f5es previstas em normas coletivas n\u00e3o se incorporam aos contratos de trabalho, ou seja, s\u00e3o pass\u00edveis e devem ser renegociadas com o encerramento da vig\u00eancia dos instrumentos.<\/p>\n<h3>3) Planos de Demiss\u00e3o Volunt\u00e1ria (PDV)<\/h3>\n<p>Quando inevit\u00e1vel a redu\u00e7\u00e3o estrutural do quadro de trabalhadores, o PDV configura instrumento apto a minimizar lit\u00edgios e conferir previsibilidade. As melhores pr\u00e1ticas incluem, dentre outros aspectos, a oferta de indeniza\u00e7\u00f5es, manuten\u00e7\u00e3o tempor\u00e1ria de benef\u00edcios e a participa\u00e7\u00e3o em programas de recoloca\u00e7\u00e3o profissional.<\/p>\n<p>A concess\u00e3o destas e outras vantagens, atreladas \u00e0 participa\u00e7\u00e3o do sindicato da categoria profissional no contexto da negocia\u00e7\u00e3o, tem o cond\u00e3o, segundo posicionamento firme do STF, de validar quita\u00e7\u00e3o ampla e irrestrita de todas as parcelas do contrato de trabalho, a qual pode ser definida no \u00e2mbito do PDV.<\/p>\n<h3>4) Dispensa coletiva<\/h3>\n<p>Por fim, em um cen\u00e1rio mais extremo, no qual todas as outras medida sejam impratic\u00e1veis, as empresas devem levar em considera\u00e7\u00e3o que, em caso de dispensa de natureza coletiva, conforme tese firmada pelo STF, no julgamento do RE 999.435 (Tema 638), a participa\u00e7\u00e3o do sindicato da categoria \u00e9 imprescind\u00edvel e deve se dar de maneira pr\u00e9via \u00e0 efetiva\u00e7\u00e3o dos desligamentos, a fim de que o di\u00e1logo estabelecido permita poss\u00edvel contorno ou minimiza\u00e7\u00e3o de efeitos das pretensas resili\u00e7\u00f5es contratuais.<\/p>\n<h3><a href=\"https:\/\/conteudo.jota.info\/cadastro-em-newsletter-saideira-jota-pro-trabalhista\">Receba gratuitamente no seu email as principais not\u00edcias sobre o Direito do Trabalho<\/a><\/h3>\n<p>O di\u00e1logo com a entidade sindical \u00e9 esp\u00e9cie de exig\u00eancia procedimental, que deve ser observada, ainda que eventuais tentativas de negocia\u00e7\u00e3o restem fracassadas, sob pena de enfrentamento de questionamentos judiciais, inclusive, em \u00e2mbito coletivo, tais como pedidos de indeniza\u00e7\u00e3o aos trabalhadores dispensados.<\/p>\n<h3>5) F\u00e9rias coletivas<\/h3>\n<p>Os artigos 139 e 140 da CLT autorizam a concess\u00e3o de f\u00e9rias coletivas, seja para todos os empregados de uma empresa, seja apenas para determinados setores. Para tanto, exige-se a comunica\u00e7\u00e3o pr\u00e9via ao sindicato da categoria e ao Minist\u00e9rio do Trabalho e Emprego, com anteced\u00eancia m\u00ednima de 15 dias, al\u00e9m da afixa\u00e7\u00e3o de aviso nos locais de trabalho.<\/p>\n<p>Como se v\u00ea, o sucesso dessas medidas depender\u00e1 da qualidade do di\u00e1logo e negocia\u00e7\u00e3o com entidades sindicais, do respeito aos limites legais e constitucionais e da capacidade da empresa de alinhar estrat\u00e9gias de gest\u00e3o de pessoas \u00e0s din\u00e2micas internacionais. Assessoria jur\u00eddica especializada \u00e9 de fundamental import\u00e2ncia neste cen\u00e1rio cr\u00edtico.<\/p>","protected":false},"excerpt":{"rendered":"<p>Nos \u00faltimos anos, a economia mundial tem sido marcada por sucessivas crises, considerando tens\u00f5es geopol\u00edticas, altera\u00e7\u00f5es de al\u00edquotas tarif\u00e1rias, embargos a determinados produtos, e mudan\u00e7as nas pol\u00edticas de importa\u00e7\u00e3o, que acabam por desencadear impactos diretos no com\u00e9rcio internacional, afetando setores produtivos inteiros e exigindo adapta\u00e7\u00f5es r\u00e1pidas das empresas. Os impactos dessas medidas na economia brasileira [&hellip;]<\/p>\n","protected":false},"author":0,"featured_media":0,"comment_status":"open","ping_status":"open","sticky":false,"template":"","format":"standard","meta":[],"categories":[1],"tags":[],"_links":{"self":[{"href":"https:\/\/aprimora.site\/carvalhoalmeidaadvogados\/wp-json\/wp\/v2\/posts\/13812"}],"collection":[{"href":"https:\/\/aprimora.site\/carvalhoalmeidaadvogados\/wp-json\/wp\/v2\/posts"}],"about":[{"href":"https:\/\/aprimora.site\/carvalhoalmeidaadvogados\/wp-json\/wp\/v2\/types\/post"}],"replies":[{"embeddable":true,"href":"https:\/\/aprimora.site\/carvalhoalmeidaadvogados\/wp-json\/wp\/v2\/comments?post=13812"}],"version-history":[{"count":0,"href":"https:\/\/aprimora.site\/carvalhoalmeidaadvogados\/wp-json\/wp\/v2\/posts\/13812\/revisions"}],"wp:attachment":[{"href":"https:\/\/aprimora.site\/carvalhoalmeidaadvogados\/wp-json\/wp\/v2\/media?parent=13812"}],"wp:term":[{"taxonomy":"category","embeddable":true,"href":"https:\/\/aprimora.site\/carvalhoalmeidaadvogados\/wp-json\/wp\/v2\/categories?post=13812"},{"taxonomy":"post_tag","embeddable":true,"href":"https:\/\/aprimora.site\/carvalhoalmeidaadvogados\/wp-json\/wp\/v2\/tags?post=13812"}],"curies":[{"name":"wp","href":"https:\/\/api.w.org\/{rel}","templated":true}]}}