{"id":13749,"date":"2025-08-22T20:37:58","date_gmt":"2025-08-22T23:37:58","guid":{"rendered":"https:\/\/aprimora.site\/carvalhoalmeidaadvogados\/2025\/08\/22\/trt-15-apresenta-boas-praticas-em-gestao-de-precedentes-durante-seminario-internacional\/"},"modified":"2025-08-22T20:37:58","modified_gmt":"2025-08-22T23:37:58","slug":"trt-15-apresenta-boas-praticas-em-gestao-de-precedentes-durante-seminario-internacional","status":"publish","type":"post","link":"https:\/\/aprimora.site\/carvalhoalmeidaadvogados\/2025\/08\/22\/trt-15-apresenta-boas-praticas-em-gestao-de-precedentes-durante-seminario-internacional\/","title":{"rendered":"TRT-15 apresenta boas pr\u00e1ticas em gest\u00e3o de precedentes durante Semin\u00e1rio Internacional"},"content":{"rendered":"<p><span>TRT-15 apresenta boas pr\u00e1ticas em gest\u00e3o de precedentes durante Semin\u00e1rio Internacional<\/span><\/p>\n<div>  <a href=\"https:\/\/trt15.jus.br\/noticia\/2025\/trt-15-apresenta-boas-praticas-em-gestao-de-precedentes-durante-seminario\"><\/a>\n<\/div>\n<p><span><span>anasiqueira<\/span><\/span><\/p>\n<p><span>Sex, 22\/08\/2025 &#8211; 17:37<\/span><\/p>\n<div>\n<div>TRT-15 apresenta boas pr\u00e1ticas em gest\u00e3o de precedentes durante Semin\u00e1rio Internacional<\/div>\n<\/div>\n<div>\n<div class=\"visually-hidden\">Conte\u00fado da Not\u00edcia<\/div>\n<div>\n<p>\u200bO Tribunal Regional do Trabalho da 15\u00aa Regi\u00e3o foi um dos destaques desta quinta-feira, 21\/8, no segundo dia do Semin\u00e1rio Internacional de Precedentes, realizado na sede do Tribunal Superior do Trabalho (TST), em Bras\u00edlia. A Corte apresentou sua experi\u00eancia inovadora de reafirma\u00e7\u00e3o de jurisprud\u00eancia, que j\u00e1 resultou na consolida\u00e7\u00e3o de 11 teses em pouco mais de dois meses de funcionamento.<\/p>\n<p>A exposi\u00e7\u00e3o ficou a cargo da ju\u00edza auxiliar da Vice-Presid\u00eancia Judicial, Ana Cl\u00e1udia Pires Ferreira, e do assessor-chefe Carlos Alberto de Oliveira, que detalharam o procedimento institu\u00eddo por resolu\u00e7\u00e3o administrativa. O modelo prev\u00ea a convers\u00e3o de entendimentos pacificados em s\u00famulas regionais com efeito vinculante, relatadas pelo vice-presidente judicial do Tribunal. \u201cO procedimento de reafirma\u00e7\u00e3o da jurisprud\u00eancia consolidada, institu\u00eddo pelo TRT-15, torna vinculante os precedentes, contribuindo com a garantia da seguran\u00e7a jur\u00eddica e o princ\u00edpio da igualdade, para que seja dado tratamento igual a casos semelhantes\u201d, ressaltou a ju\u00edza Ana Cl\u00e1udia.\u00a0<\/p>\n\n<p>A iniciativa foi inspirada em pr\u00e1ticas observadas em visitas institucionais ao TST e ao STF e tem, como objetivo, evitar retrabalho, conferir estabilidade \u00e0s decis\u00f5es e refor\u00e7ar a legitimidade das teses firmadas, a partir do consenso das 11 c\u00e2maras que comp\u00f5em o Tribunal. \u201cA reafirma\u00e7\u00e3o de jurisprud\u00eancia \u00e9 uma ferramenta de gest\u00e3o de precedentes que garante estabilidade decis\u00f3ria e valoriza a atua\u00e7\u00e3o colegiada da Corte\u201d, destacou Carlos Alberto durante a apresenta\u00e7\u00e3o. Tamb\u00e9m compareceu no evento, o coordenador do centro de intelig\u00eancia do TRT-15,\u00a0Daniel Assis Ravena de Souza.<\/p>\n<p><strong>Coopera\u00e7\u00e3o entre regionais<\/strong><\/p>\n<p>O painel, presidido pelo ministro Evandro Valad\u00e3o Lopes (TST), reuniu ainda representantes dos TRTs da 2\u00aa, 3\u00aa, 5\u00aa e 12\u00aa Regi\u00f5es. Entre as pr\u00e1ticas compartilhadas, mereceu destaque a iniciativa do TRT-2 (SP), de aderir a precedentes qualificados de outros tribunais regionais, \u00a0proposta inspirada justamente em visita institucional ao TRT-15. A medida amplia a efetividade do sistema de precedentes e fortalece a coopera\u00e7\u00e3o entre os regionais.<\/p>\n<p><strong>Inova\u00e7\u00e3o e engajamento<\/strong><\/p>\n<p>Al\u00e9m do TRT-15, foram apresentadas outras experi\u00eancias, como o projeto \u201cQuintas sem Precedentes\u201d, dos TRTs da 5\u00aa Regi\u00e3o (BA) e da 12\u00aa Regi\u00e3o (SC), e a\u00e7\u00f5es de difus\u00e3o de precedentes em v\u00eddeos curtos, conduzidas pela desembargadora L\u00e9a Nunes (TRT-5). Ao final do painel, o ministro Evandro Valad\u00e3o parabenizou os regionais pelo engajamento.\u00a0\u201cO sistema de precedentes \u00e9 uma constru\u00e7\u00e3o coletiva. As pr\u00e1ticas compartilhadas demonstram que h\u00e1 um compromisso s\u00f3lido das regi\u00f5es com a moderniza\u00e7\u00e3o da Justi\u00e7a do Trabalho\u201d, afirmou.<\/p>\n<p><em>Com informa\u00e7\u00f5es da Comunica\u00e7\u00e3o do TST<\/em><\/p>\n<p>\n\u00a0<\/p>\n<\/div><\/div>\n<div>\n<div>Unidade Respons\u00e1vel:<\/div>\n<div>Comunica\u00e7\u00e3o Social<\/div>\n<\/div>\n<div>Sex, 22\/08\/2025 &#8211; 17:37<\/div>\n<p>      <span class=\"a2a_kit a2a_kit_size_16 addtoany_list\"><a class=\"a2a_dd addtoany_share\" href=\"https:\/\/www.addtoany.com\/share#url=https%3A%2F%2Ftrt15.jus.br%2Fnoticia%2F2025%2Ftrt-15-apresenta-boas-praticas-em-gestao-de-precedentes-durante-seminario&amp;title=TRT-15%20apresenta%20boas%20pr%C3%A1ticas%20em%20gest%C3%A3o%20de%20precedentes%20durante%20Semin%C3%A1rio%20Internacional\"><\/a><a class=\"a2a_button_whatsapp\"><\/a><a class=\"a2a_button_google_gmail\"><\/a><a class=\"a2a_button_twitter\"><\/a><a class=\"a2a_button_facebook\"><\/a><a class=\"a2a_button_linkedin\"><\/a><\/span><\/p>","protected":false},"excerpt":{"rendered":"<p>TRT-15 apresenta boas pr\u00e1ticas em gest\u00e3o de precedentes durante Semin\u00e1rio Internacional anasiqueira Sex, 22\/08\/2025 &#8211; 17:37 TRT-15 apresenta boas pr\u00e1ticas em gest\u00e3o de precedentes durante Semin\u00e1rio Internacional Conte\u00fado da Not\u00edcia \u200bO Tribunal Regional do Trabalho da 15\u00aa Regi\u00e3o foi um dos destaques desta quinta-feira, 21\/8, no segundo dia do Semin\u00e1rio Internacional de Precedentes, realizado na [&hellip;]<\/p>\n","protected":false},"author":0,"featured_media":13750,"comment_status":"open","ping_status":"open","sticky":false,"template":"","format":"standard","meta":[],"categories":[1],"tags":[],"_links":{"self":[{"href":"https:\/\/aprimora.site\/carvalhoalmeidaadvogados\/wp-json\/wp\/v2\/posts\/13749"}],"collection":[{"href":"https:\/\/aprimora.site\/carvalhoalmeidaadvogados\/wp-json\/wp\/v2\/posts"}],"about":[{"href":"https:\/\/aprimora.site\/carvalhoalmeidaadvogados\/wp-json\/wp\/v2\/types\/post"}],"replies":[{"embeddable":true,"href":"https:\/\/aprimora.site\/carvalhoalmeidaadvogados\/wp-json\/wp\/v2\/comments?post=13749"}],"version-history":[{"count":0,"href":"https:\/\/aprimora.site\/carvalhoalmeidaadvogados\/wp-json\/wp\/v2\/posts\/13749\/revisions"}],"wp:featuredmedia":[{"embeddable":true,"href":"https:\/\/aprimora.site\/carvalhoalmeidaadvogados\/wp-json\/wp\/v2\/media\/13750"}],"wp:attachment":[{"href":"https:\/\/aprimora.site\/carvalhoalmeidaadvogados\/wp-json\/wp\/v2\/media?parent=13749"}],"wp:term":[{"taxonomy":"category","embeddable":true,"href":"https:\/\/aprimora.site\/carvalhoalmeidaadvogados\/wp-json\/wp\/v2\/categories?post=13749"},{"taxonomy":"post_tag","embeddable":true,"href":"https:\/\/aprimora.site\/carvalhoalmeidaadvogados\/wp-json\/wp\/v2\/tags?post=13749"}],"curies":[{"name":"wp","href":"https:\/\/api.w.org\/{rel}","templated":true}]}}