{"id":13696,"date":"2025-08-21T11:56:43","date_gmt":"2025-08-21T14:56:43","guid":{"rendered":"https:\/\/aprimora.site\/carvalhoalmeidaadvogados\/2025\/08\/21\/relatorio-jota-pro-saude-traz-os-principais-julgamentos-do-semestre-do-stj-em-saude\/"},"modified":"2025-08-21T11:56:43","modified_gmt":"2025-08-21T14:56:43","slug":"relatorio-jota-pro-saude-traz-os-principais-julgamentos-do-semestre-do-stj-em-saude","status":"publish","type":"post","link":"https:\/\/aprimora.site\/carvalhoalmeidaadvogados\/2025\/08\/21\/relatorio-jota-pro-saude-traz-os-principais-julgamentos-do-semestre-do-stj-em-saude\/","title":{"rendered":"Relat\u00f3rio JOTA PRO Sa\u00fade traz os principais julgamentos do semestre do STJ em sa\u00fade"},"content":{"rendered":"<p>Entre fevereiro e julho de 2025, o Superior Tribunal de Justi\u00e7a (STJ) publicou 275 ac\u00f3rd\u00e3os sobre direito \u00e0 sa\u00fade, abordando temas centrais como o rol da ANS, a recusa de cobertura por planos e o fornecimento de canabidiol. Algumas decis\u00f5es trazem mudan\u00e7as importantes nas teses da Corte.<\/p>\n<p>Para o segundo semestre, o <a href=\"https:\/\/portal.jota.info\/produtos\/saude\"><span class=\"jota\">JOTA<\/span> PRO Sa\u00fade<\/a> preparou um relat\u00f3rio exclusivo para clientes corporativos, que aponta os principais casos que ser\u00e3o julgados no tribunal. O documento, enviado para os assinantes corporativos em 18 de julho, est\u00e1 dispon\u00edvel gratuitamente para download. <a href=\"https:\/\/conteudo.jota.info\/19-08-2025-jota-materia-casos-de-saude-no-stj-engajamento-site-audiencias-projetos\">Clique aqui e baixe<\/a>.<\/p>\n<p>No relat\u00f3rio, o <strong><span class=\"jota\">JOTA<\/span><\/strong> destaca os temas do semestre que ajudam o leitor a identificar as principais tend\u00eancias dos ministros, seja em rela\u00e7\u00e3o \u00e0s obriga\u00e7\u00f5es dos planos de sa\u00fade, seja quanto aos limites dos pedidos de usu\u00e1rios, incluindo ainda a oferta de produtos n\u00e3o registrados na Ag\u00eancia Nacional de Vigil\u00e2ncia Sanit\u00e1ria (Anvisa).<\/p>\n<h3 class=\"p1\"><a href=\"https:\/\/conteudo.jota.info\/19-08-2025-jota-materia-casos-de-saude-no-stj-engajamento-site-audiencias-projetos\"><span class=\"s1\">Baixe gratuitamente o relat\u00f3rio especial com os principais casos de sa\u00fade no STJ neste semestre<\/span><\/a><\/h3>\n<h3>Sobre o <span class=\"jota\">JOTA<\/span> PRO Sa\u00fade<\/h3>\n<p>O\u00a0<a href=\"https:\/\/portal.jota.info\/produtos\/saude?utm_id=cta_texto_saude_q2_2023\"><span class=\"jota\">JOTA<\/span> PRO Sa\u00fade<\/a>\u00a0\u00e9 um servi\u00e7o voltado para empresas que precisam de uma vis\u00e3o estrat\u00e9gica sobre as movimenta\u00e7\u00f5es pol\u00edticas, jur\u00eddicas e regulamentares que impactam seus neg\u00f3cios. Nosso time em Bras\u00edlia, formado por jornalistas com acesso direto \u00e0s principais fontes, est\u00e1 \u00e0 disposi\u00e7\u00e3o para fornecer informa\u00e7\u00f5es valiosas e sob medida para suas necessidades.<\/p>\n<p>Com o <a href=\"https:\/\/portal.jota.info\/produtos\/saude?utm_id=cta_texto_saude_q2_2023\"><span class=\"jota\">JOTA<\/span> PRO Sa\u00fade<\/a>, voc\u00ea ter\u00e1:<\/p>\n<p>An\u00e1lises e alertas\u00a0sobre os principais \u00f3rg\u00e3os do governo, incluindo Congresso Nacional, STF, STJ, e mais.<br \/>\nAcesso ao nosso time de especialistas\u00a0por meio de calls recorrentes e a possibilidade de contratar apura\u00e7\u00f5es personalizadas.<br \/>\nRelat\u00f3rios direto das reuni\u00f5es da ANS e Anvisa, que proporcionam uma vis\u00e3o abrangente e estrat\u00e9gica para que voc\u00ea possa tomar decis\u00f5es informadas e proativas.<\/p>","protected":false},"excerpt":{"rendered":"<p>Entre fevereiro e julho de 2025, o Superior Tribunal de Justi\u00e7a (STJ) publicou 275 ac\u00f3rd\u00e3os sobre direito \u00e0 sa\u00fade, abordando temas centrais como o rol da ANS, a recusa de cobertura por planos e o fornecimento de canabidiol. Algumas decis\u00f5es trazem mudan\u00e7as importantes nas teses da Corte. Para o segundo semestre, o JOTA PRO Sa\u00fade [&hellip;]<\/p>\n","protected":false},"author":0,"featured_media":0,"comment_status":"open","ping_status":"open","sticky":false,"template":"","format":"standard","meta":[],"categories":[1],"tags":[],"_links":{"self":[{"href":"https:\/\/aprimora.site\/carvalhoalmeidaadvogados\/wp-json\/wp\/v2\/posts\/13696"}],"collection":[{"href":"https:\/\/aprimora.site\/carvalhoalmeidaadvogados\/wp-json\/wp\/v2\/posts"}],"about":[{"href":"https:\/\/aprimora.site\/carvalhoalmeidaadvogados\/wp-json\/wp\/v2\/types\/post"}],"replies":[{"embeddable":true,"href":"https:\/\/aprimora.site\/carvalhoalmeidaadvogados\/wp-json\/wp\/v2\/comments?post=13696"}],"version-history":[{"count":0,"href":"https:\/\/aprimora.site\/carvalhoalmeidaadvogados\/wp-json\/wp\/v2\/posts\/13696\/revisions"}],"wp:attachment":[{"href":"https:\/\/aprimora.site\/carvalhoalmeidaadvogados\/wp-json\/wp\/v2\/media?parent=13696"}],"wp:term":[{"taxonomy":"category","embeddable":true,"href":"https:\/\/aprimora.site\/carvalhoalmeidaadvogados\/wp-json\/wp\/v2\/categories?post=13696"},{"taxonomy":"post_tag","embeddable":true,"href":"https:\/\/aprimora.site\/carvalhoalmeidaadvogados\/wp-json\/wp\/v2\/tags?post=13696"}],"curies":[{"name":"wp","href":"https:\/\/api.w.org\/{rel}","templated":true}]}}