{"id":13623,"date":"2025-08-19T19:09:10","date_gmt":"2025-08-19T22:09:10","guid":{"rendered":"https:\/\/aprimora.site\/carvalhoalmeidaadvogados\/2025\/08\/19\/petrobras-quer-discutir-termos-do-leilao-de-gas-da-uniao\/"},"modified":"2025-08-19T19:09:10","modified_gmt":"2025-08-19T22:09:10","slug":"petrobras-quer-discutir-termos-do-leilao-de-gas-da-uniao","status":"publish","type":"post","link":"https:\/\/aprimora.site\/carvalhoalmeidaadvogados\/2025\/08\/19\/petrobras-quer-discutir-termos-do-leilao-de-gas-da-uniao\/","title":{"rendered":"Petrobras quer discutir termos do leil\u00e3o de g\u00e1s da Uni\u00e3o"},"content":{"rendered":"<p>A presidente da <a href=\"https:\/\/www.jota.info\/tudo-sobre\/petrobras\">Petrobras<\/a>, <a href=\"https:\/\/www.jota.info\/tudo-sobre\/magda-chambriard\">Magda Chambriard<\/a>, afirmou nesta segunda-feira (18\/8) que ser\u00e1 necess\u00e1rio discutir os termos do leil\u00e3o de g\u00e1s da <a href=\"https:\/\/www.jota.info\/tudo-sobre\/uniao\">Uni\u00e3o<\/a> levando em conta as necessidades de parceiros da petroleira. A declara\u00e7\u00e3o foi feita durante o podcast Energy Talks, da Ag\u00eancia Eixos.<\/p>\n<h3><a href=\"https:\/\/conteudo.jota.info\/marketing-lp-newsletter-jota-principal-lancamento\">Informa\u00e7\u00f5es direto ao ponto sobre o que realmente importa: assine gratuitamente a <span class=\"jota\">JOTA<\/span> Principal, a nova newsletter do <span class=\"jota\">JOTA<\/span><\/a><\/h3>\n<p>\u201cVoc\u00ea acha sinceramente que uma empresa estatal vai negar acesso a uma empresa p\u00fablica federal? Isso n\u00e3o vai acontecer, gente. N\u00f3s vamos ajudar em tudo que for poss\u00edvel. E esse g\u00e1s chegar\u00e1 \u00e0 costa e ser\u00e1 leiloado. Isso voc\u00eas n\u00e3o podem ter d\u00favida. O que se discute \u00e9 em que termos, para que esses termos sejam condizentes tanto com as necessidades da PPSA quanto com as necessidades da Petrobras e seus parceiros, porque n\u00f3s n\u00e3o estamos sozinhos nessas instala\u00e7\u00f5es, e da sociedade brasileira\u201d, afirmou Chambriard.<\/p>\n<p>O leil\u00e3o do g\u00e1s natural da Uni\u00e3o segue travado em meio a disputas no <a href=\"https:\/\/www.jota.info\/tudo-sobre\/congresso-nacional\">Congresso<\/a> e resist\u00eancias da ind\u00fastria.<\/p>\n<p>Em julho, <a href=\"https:\/\/www.jota.info\/energia\/governo-edita-mp-que-derruba-termicas-jabutis-e-reduz-impactos-na-conta-de-luz\">o governo editou a medida provis\u00f3ria 1304\/2025<\/a>, conhecida como MP dos Vetos, que estabeleceu ao CNPE (Conselho Nacional de Pol\u00edtica Energ\u00e9tica) determinar as condi\u00e7\u00f5es de acesso aos sistemas integrados de escoamento, de processamento e de transporte para a comercializa\u00e7\u00e3o do g\u00e1s natural da Uni\u00e3o.<\/p>\n<p>O assunto seria discutido em reuni\u00e3o do CNPE no \u00faltimo dia 5 de agosto, mas o encontro foi cancelado. Ainda n\u00e3o h\u00e1 data definida para a pr\u00f3xima reuni\u00e3o.<\/p>\n<p>Um dos pontos de disc\u00f3rdia que levaram ao cancelamento da reuni\u00e3o do CNPE \u00e9 a proposta do Minist\u00e9rio de Minas e Energia (MME) de reduzir em at\u00e9 70% os valores da tarifa do SIE-SIP (Sistema Integrado de Escoamento e Sistema Integrado de Produ\u00e7\u00e3o). Entre integrantes da Petrobras, h\u00e1 d\u00favida de que os valores seriam suficientes para garantir investimentos nas infraestruturas.<\/p>\n<h3><a href=\"https:\/\/conteudo.jota.info\/marketing-lp-conversao-jota-pro-energia\">Conhe\u00e7a o <span class=\"jota\">JOTA<\/span> PRO Energia, monitoramento jur\u00eddico e pol\u00edtico para empresas do setor<\/a><\/h3>\n<p>Al\u00e9m disso, outras empresas do setor que t\u00eam acesso aos sistemas temem que os valores mais baixos para o g\u00e1s da Uni\u00e3o possa ser repassado de forma indireta. Por isso, empresas como Shell, Repsol e Galp, estudam acionar a Justi\u00e7a para barrar a redu\u00e7\u00e3o nas tarifas cobradas pelo uso de suas instala\u00e7\u00f5es por terceiros.<\/p>\n<p>Questionada sobre a proposta de redu\u00e7\u00e3o da tarifa de escoamento e processamento de g\u00e1s natural, Chambriard afirmou que a sa\u00edda para baixar pre\u00e7os \u00e9 investir em tecnologia e infraestrutura para aumentar a efici\u00eancia da produ\u00e7\u00e3o.<\/p>\n<p>\u201cLonge de quem acredita que para a Petrobras interessa o pre\u00e7o alto. N\u00e3o, para a Petrobras o que interessa \u00e9 vender mais e ganhar na escala\u201d, afirmou a executiva. \u201cO g\u00e1s natural ser\u00e1 t\u00e3o mais barato quanto mais g\u00e1s natural a gente conseguir trazer para a costa.\u201d<\/p>\n<p>As condi\u00e7\u00f5es de acesso ao leil\u00e3o do g\u00e1s da Uni\u00e3o tamb\u00e9m s\u00e3o objeto de disputas no Congresso, onde uma s\u00e9rie de emendas \u00e0 MP dos Vetos busca redesenhar o modelo do certame.<\/p>\n<p>Integrantes do Minist\u00e9rio de Minas e Energia j\u00e1 admitiram que o leil\u00e3o do g\u00e1s da Uni\u00e3o, previsto inicialmente para o final deste ano, pode atrasar e ficar para o primeiro semestre de 2026.<\/p>","protected":false},"excerpt":{"rendered":"<p>A presidente da Petrobras, Magda Chambriard, afirmou nesta segunda-feira (18\/8) que ser\u00e1 necess\u00e1rio discutir os termos do leil\u00e3o de g\u00e1s da Uni\u00e3o levando em conta as necessidades de parceiros da petroleira. A declara\u00e7\u00e3o foi feita durante o podcast Energy Talks, da Ag\u00eancia Eixos. Informa\u00e7\u00f5es direto ao ponto sobre o que realmente importa: assine gratuitamente a [&hellip;]<\/p>\n","protected":false},"author":0,"featured_media":0,"comment_status":"open","ping_status":"open","sticky":false,"template":"","format":"standard","meta":[],"categories":[1],"tags":[],"_links":{"self":[{"href":"https:\/\/aprimora.site\/carvalhoalmeidaadvogados\/wp-json\/wp\/v2\/posts\/13623"}],"collection":[{"href":"https:\/\/aprimora.site\/carvalhoalmeidaadvogados\/wp-json\/wp\/v2\/posts"}],"about":[{"href":"https:\/\/aprimora.site\/carvalhoalmeidaadvogados\/wp-json\/wp\/v2\/types\/post"}],"replies":[{"embeddable":true,"href":"https:\/\/aprimora.site\/carvalhoalmeidaadvogados\/wp-json\/wp\/v2\/comments?post=13623"}],"version-history":[{"count":0,"href":"https:\/\/aprimora.site\/carvalhoalmeidaadvogados\/wp-json\/wp\/v2\/posts\/13623\/revisions"}],"wp:attachment":[{"href":"https:\/\/aprimora.site\/carvalhoalmeidaadvogados\/wp-json\/wp\/v2\/media?parent=13623"}],"wp:term":[{"taxonomy":"category","embeddable":true,"href":"https:\/\/aprimora.site\/carvalhoalmeidaadvogados\/wp-json\/wp\/v2\/categories?post=13623"},{"taxonomy":"post_tag","embeddable":true,"href":"https:\/\/aprimora.site\/carvalhoalmeidaadvogados\/wp-json\/wp\/v2\/tags?post=13623"}],"curies":[{"name":"wp","href":"https:\/\/api.w.org\/{rel}","templated":true}]}}