{"id":13386,"date":"2025-08-12T13:33:20","date_gmt":"2025-08-12T16:33:20","guid":{"rendered":"https:\/\/aprimora.site\/carvalhoalmeidaadvogados\/2025\/08\/12\/senador-marcos-rogerio-destrava-sabatinas-e-quer-pauta-las-na-proxima-semana\/"},"modified":"2025-08-12T13:33:20","modified_gmt":"2025-08-12T16:33:20","slug":"senador-marcos-rogerio-destrava-sabatinas-e-quer-pauta-las-na-proxima-semana","status":"publish","type":"post","link":"https:\/\/aprimora.site\/carvalhoalmeidaadvogados\/2025\/08\/12\/senador-marcos-rogerio-destrava-sabatinas-e-quer-pauta-las-na-proxima-semana\/","title":{"rendered":"Senador Marcos Rog\u00e9rio destrava sabatinas e quer paut\u00e1-las na pr\u00f3xima semana"},"content":{"rendered":"<p>As sabatinas dos indicados para <a href=\"https:\/\/www.jota.info\/tudo-sobre\/agencias-reguladoras\">ag\u00eancias reguladoras,<\/a> travadas na Comiss\u00e3o de Infraestrutura do Senado, devem avan\u00e7ar na pr\u00f3xima semana. Essa \u00e9 a expectativa do presidente do colegiado, senador Marcos Rog\u00e9rio (PL-RO), ap\u00f3s conversa com o presidente da Casa, Davi Alcolumbre (Uni\u00e3o-AP). Ao <strong><span class=\"jota\">JOTA<\/span><\/strong>, o rondoniense afirma que a designa\u00e7\u00e3o dos relatores das indica\u00e7\u00f5es deve ser conclu\u00edda na tarde desta ter\u00e7a-feira (12\/8).<\/p>\n<h3><a href=\"https:\/\/www.jota.info\/produtos\/poder?utm_source=cta-site&amp;utm_medium=site&amp;utm_campaign=campanha_poder_q2&amp;utm_id=cta_texto_poder_q2_2023&amp;utm_term=cta_texto_poder&amp;utm_term=cta_texto_poder_meio_materias\">Conhe\u00e7a o <span class=\"jota\">JOTA<\/span> PRO Poder, plataforma de monitoramento que oferece transpar\u00eancia e previsibilidade para empresas<\/a><\/h3>\n<p>\u201cEu dependo dos relat\u00f3rios, mas a minha expectativa \u00e9 come\u00e7ar as sabatinas na semana que vem\u201d, disse Marcos Rog\u00e9rio ao <strong><span class=\"jota\">JOTA<\/span><\/strong>. Para isso, \u00e9 necess\u00e1rio que os relatores fa\u00e7am a leitura dos pareceres. Geralmente, \u00e9 dado um prazo de uma semana de vistas coletivas, per\u00edodo em que os indicados percorrem gabinetes para se apresentarem aos senadores, pr\u00e1tica chamada de \u201cbeija-m\u00e3o\u201d.<\/p>\n<p>Entre as indica\u00e7\u00f5es, uma das mais pol\u00eamicas era a de Pietro Mendes, indicado para a diretoria da Ag\u00eancia Nacional do Petr\u00f3leo, G\u00e1s Natural e Biocombust\u00edveis (<a href=\"https:\/\/www.jota.info\/tudo-sobre\/anp\">ANP<\/a>) pelo ministro de Minas e Energia, Alexandre Silveira. Ap\u00f3s negocia\u00e7\u00e3o do governo, antecipada pelo <strong><span class=\"jota\">JOTA<\/span><\/strong>, o nome deve ser substitu\u00eddo por \u00c2ngelo Rezende, ligado ao PT da Bahia.<\/p>\n<h3><a href=\"https:\/\/conteudo.jota.info\/marketing-lp-newsletter-jota-principal-lancamento\">Informa\u00e7\u00f5es direto ao ponto sobre o que realmente importa: assine gratuitamente a <span class=\"jota\">JOTA<\/span> Principal, a nova newsletter do <span class=\"jota\">JOTA<\/span><\/a><\/h3>\n<p>\u201cFalei com o Davi [Alcolumbre] semana passada, ontem falei com ele novamente\u201d, afirmou Rog\u00e9rio.\u00a0Ele destaca que a substitui\u00e7\u00e3o depende do governo e que, da sua parte, espera avan\u00e7ar com a designa\u00e7\u00e3o dos relatores e a defini\u00e7\u00e3o da pauta at\u00e9 a pr\u00f3xima semana.<\/p>\n<p>Alcolumbre \u00e9 visto como o principal obst\u00e1culo \u00e0 aprova\u00e7\u00e3o de Mendes, j\u00e1 que foi indicado por Silveira, considerado nos bastidores como um dos maiores inimigos do presidente do Senado.<\/p>","protected":false},"excerpt":{"rendered":"<p>As sabatinas dos indicados para ag\u00eancias reguladoras, travadas na Comiss\u00e3o de Infraestrutura do Senado, devem avan\u00e7ar na pr\u00f3xima semana. Essa \u00e9 a expectativa do presidente do colegiado, senador Marcos Rog\u00e9rio (PL-RO), ap\u00f3s conversa com o presidente da Casa, Davi Alcolumbre (Uni\u00e3o-AP). Ao JOTA, o rondoniense afirma que a designa\u00e7\u00e3o dos relatores das indica\u00e7\u00f5es deve ser [&hellip;]<\/p>\n","protected":false},"author":0,"featured_media":0,"comment_status":"open","ping_status":"open","sticky":false,"template":"","format":"standard","meta":[],"categories":[1],"tags":[],"_links":{"self":[{"href":"https:\/\/aprimora.site\/carvalhoalmeidaadvogados\/wp-json\/wp\/v2\/posts\/13386"}],"collection":[{"href":"https:\/\/aprimora.site\/carvalhoalmeidaadvogados\/wp-json\/wp\/v2\/posts"}],"about":[{"href":"https:\/\/aprimora.site\/carvalhoalmeidaadvogados\/wp-json\/wp\/v2\/types\/post"}],"replies":[{"embeddable":true,"href":"https:\/\/aprimora.site\/carvalhoalmeidaadvogados\/wp-json\/wp\/v2\/comments?post=13386"}],"version-history":[{"count":0,"href":"https:\/\/aprimora.site\/carvalhoalmeidaadvogados\/wp-json\/wp\/v2\/posts\/13386\/revisions"}],"wp:attachment":[{"href":"https:\/\/aprimora.site\/carvalhoalmeidaadvogados\/wp-json\/wp\/v2\/media?parent=13386"}],"wp:term":[{"taxonomy":"category","embeddable":true,"href":"https:\/\/aprimora.site\/carvalhoalmeidaadvogados\/wp-json\/wp\/v2\/categories?post=13386"},{"taxonomy":"post_tag","embeddable":true,"href":"https:\/\/aprimora.site\/carvalhoalmeidaadvogados\/wp-json\/wp\/v2\/tags?post=13386"}],"curies":[{"name":"wp","href":"https:\/\/api.w.org\/{rel}","templated":true}]}}