{"id":13272,"date":"2025-08-07T11:08:22","date_gmt":"2025-08-07T14:08:22","guid":{"rendered":"https:\/\/aprimora.site\/carvalhoalmeidaadvogados\/2025\/08\/07\/padilha-apresenta-o-programa-agora-tem-especialistas-no-congresso\/"},"modified":"2025-08-07T11:08:22","modified_gmt":"2025-08-07T14:08:22","slug":"padilha-apresenta-o-programa-agora-tem-especialistas-no-congresso","status":"publish","type":"post","link":"https:\/\/aprimora.site\/carvalhoalmeidaadvogados\/2025\/08\/07\/padilha-apresenta-o-programa-agora-tem-especialistas-no-congresso\/","title":{"rendered":"Padilha apresenta o programa \u2018Agora Tem Especialistas\u2019 no Congresso"},"content":{"rendered":"<p>O ministro da Sa\u00fade, <a href=\"https:\/\/www.jota.info\/tudo-sobre\/alexandre-padilha\">Alexandre Padilha<\/a> (PT-SP), apresentou nesta quarta-feira (6\/8) o detalhamento do programa<a href=\"https:\/\/www.jota.info\/tudo-sobre\/agora-tem-especialista\"> Agora Tem Especialistas<\/a> aos integrantes da Comiss\u00e3o Mista da Medida Provis\u00f3ria (CMMPV) 1301\/2025. Al\u00e9m de fazer uma descri\u00e7\u00e3o geral do programa, o ministro respondeu \u00e0s d\u00favidas dos deputados e senadores. O principal questionamento foi sobre a inclus\u00e3o de outras \u00e1reas no programa de consultas, exames e cirurgias eletivas, al\u00e9m das seis priorit\u00e1rias.<\/p>\n<p>Padilha lembrou que o escopo do programa foi definido com base no que havia sido acordado anteriormente com estados e munic\u00edpios. Apesar disso, ele informou que sugest\u00f5es dos parlamentares s\u00e3o bem-vindas e podem ser acrescidas ao projeto. O ministro tamb\u00e9m adiantou que ser\u00e1 publicado, em breve, um edital para inscri\u00e7\u00e3o de empresas privadas na categoria de telessa\u00fade para prestar servi\u00e7os ao programa. Segundo ele, o investimento para esta a\u00e7\u00e3o ser\u00e1 de R$ 200 milh\u00f5es em recursos do Programa de Apoio ao Desenvolvimento Institucional do Sistema \u00danico de Sa\u00fade (Proadi-SUS).<\/p>\n<h3><a href=\"https:\/\/www.jota.info\/produtos\/saude?utm_source=cta-site&amp;utm_medium=site&amp;utm_campaign=campanha_saude_q2&amp;utm_id=cta_texto_saude_q2_2023&amp;utm_term=cta_texto_saude&amp;utm_term=cta_texto_saude_meio_materias\">Com not\u00edcias da Anvisa e da ANS, o <span class=\"jota\">JOTA<\/span> PRO Sa\u00fade entrega previsibilidade e transpar\u00eancia para empresas do setor<\/a><\/h3>\n<p>O ministro tamb\u00e9m informou que ser\u00e1 feito um direcionamento de vagas ociosas \u00e0 Ag\u00eancia Nacional de Sa\u00fade Suplementar (<a href=\"https:\/\/www.jota.info\/tudo-sobre\/ANS\">ANS<\/a>), nos moldes do que j\u00e1 est\u00e1 em andamento na Ag\u00eancia Nacional de Vigil\u00e2ncia Sanit\u00e1ria (<a href=\"https:\/\/www.jota.info\/tudo-sobre\/anvisa\">Anvisa<\/a>). A ideia \u00e9 refor\u00e7ar o quadro t\u00e9cnico da ag\u00eancia para que ela tenha condi\u00e7\u00f5es de absorver a nova demanda por fiscaliza\u00e7\u00e3o, fruto das a\u00e7\u00f5es do Agora Tem Especialistas.<\/p>\n<p>Ao <span class=\"jota\">JOTA<\/span>, o ministro fez uma avalia\u00e7\u00e3o positiva do encontro com os parlamentares. Para ele, houve uma boa recep\u00e7\u00e3o do projeto por parte dos senadores e deputados. O minist\u00e9rio busca inclusive atrair e orientar as emendas de bancada e individuais para investimentos no programa.<\/p>\n<p>Sobre as sabatinas para ANS e Anvisa, Padilha disse ter boas expectativas. \u201cS\u00e3o nomes muito qualificados e esperamos que as avalia\u00e7\u00f5es ocorram mesmo na semana que vem\u201d, disse.<\/p>","protected":false},"excerpt":{"rendered":"<p>O ministro da Sa\u00fade, Alexandre Padilha (PT-SP), apresentou nesta quarta-feira (6\/8) o detalhamento do programa Agora Tem Especialistas aos integrantes da Comiss\u00e3o Mista da Medida Provis\u00f3ria (CMMPV) 1301\/2025. Al\u00e9m de fazer uma descri\u00e7\u00e3o geral do programa, o ministro respondeu \u00e0s d\u00favidas dos deputados e senadores. O principal questionamento foi sobre a inclus\u00e3o de outras \u00e1reas [&hellip;]<\/p>\n","protected":false},"author":0,"featured_media":0,"comment_status":"open","ping_status":"open","sticky":false,"template":"","format":"standard","meta":[],"categories":[1],"tags":[],"_links":{"self":[{"href":"https:\/\/aprimora.site\/carvalhoalmeidaadvogados\/wp-json\/wp\/v2\/posts\/13272"}],"collection":[{"href":"https:\/\/aprimora.site\/carvalhoalmeidaadvogados\/wp-json\/wp\/v2\/posts"}],"about":[{"href":"https:\/\/aprimora.site\/carvalhoalmeidaadvogados\/wp-json\/wp\/v2\/types\/post"}],"replies":[{"embeddable":true,"href":"https:\/\/aprimora.site\/carvalhoalmeidaadvogados\/wp-json\/wp\/v2\/comments?post=13272"}],"version-history":[{"count":0,"href":"https:\/\/aprimora.site\/carvalhoalmeidaadvogados\/wp-json\/wp\/v2\/posts\/13272\/revisions"}],"wp:attachment":[{"href":"https:\/\/aprimora.site\/carvalhoalmeidaadvogados\/wp-json\/wp\/v2\/media?parent=13272"}],"wp:term":[{"taxonomy":"category","embeddable":true,"href":"https:\/\/aprimora.site\/carvalhoalmeidaadvogados\/wp-json\/wp\/v2\/categories?post=13272"},{"taxonomy":"post_tag","embeddable":true,"href":"https:\/\/aprimora.site\/carvalhoalmeidaadvogados\/wp-json\/wp\/v2\/tags?post=13272"}],"curies":[{"name":"wp","href":"https:\/\/api.w.org\/{rel}","templated":true}]}}