{"id":13226,"date":"2025-08-05T15:10:49","date_gmt":"2025-08-05T18:10:49","guid":{"rendered":"https:\/\/aprimora.site\/carvalhoalmeidaadvogados\/2025\/08\/05\/com-prisao-de-bolsonaro-oposicao-anuncia-obstrucao-no-congresso\/"},"modified":"2025-08-05T15:10:49","modified_gmt":"2025-08-05T18:10:49","slug":"com-prisao-de-bolsonaro-oposicao-anuncia-obstrucao-no-congresso","status":"publish","type":"post","link":"https:\/\/aprimora.site\/carvalhoalmeidaadvogados\/2025\/08\/05\/com-prisao-de-bolsonaro-oposicao-anuncia-obstrucao-no-congresso\/","title":{"rendered":"Com pris\u00e3o de Bolsonaro, oposi\u00e7\u00e3o anuncia obstru\u00e7\u00e3o no Congresso"},"content":{"rendered":"<p>O Congresso Nacional retornou do recesso parlamentar nesta semana com um clima desfavor\u00e1vel ao governo. A oposi\u00e7\u00e3o anunciou, nesta ter\u00e7a-feira (5\/8), obstru\u00e7\u00e3o total nas duas Casas Legislativas at\u00e9 que seja aberto um di\u00e1logo com os presidentes para o avan\u00e7o de pautas de interesse do grupo. A a\u00e7\u00e3o coordenada \u00e9, tamb\u00e9m, <a href=\"https:\/\/www.jota.info\/stf\/do-supremo\/jair-bolsonaro-vai-para-a-prisao-domiciliar-por-ordem-de-alexandre-de-moraes\">uma resposta \u00e0 pris\u00e3o domiciliar de Jair Bolsonaro<\/a> (PL), que ocorreu nesta segunda-feira (4\/8).<\/p>\n<p>A oposi\u00e7\u00e3o apresentou o chamado \u201cpacote da paz\u201d, com as pautas priorit\u00e1rias, que consiste no impeachment do ministro Alexandre de Moraes, do Supremo Tribunal Federal (<a href=\"https:\/\/www.jota.info\/tudo-sobre\/STF\">STF<\/a>), no Projeto de Lei da Anistia (PL 2.858\/2022) e no fim do foro privilegiado.<\/p>\n<h3><a href=\"https:\/\/www.jota.info\/produtos\/poder?utm_source=cta-site&amp;utm_medium=site&amp;utm_campaign=campanha_poder_q2&amp;utm_id=cta_texto_poder_q2_2023&amp;utm_term=cta_texto_poder&amp;utm_term=cta_texto_poder_meio_materias\">Conhe\u00e7a o <span class=\"jota\">JOTA<\/span> PRO Poder, plataforma de monitoramento que oferece transpar\u00eancia e previsibilidade para empresas<\/a><\/h3>\n<p>Durante coletiva de imprensa, o vice-presidente da C\u00e2mara, deputado Altineu C\u00f4rtes (PL-RJ), alegou que caso o presidente Hugo Motta (Republicanos-PB) esteja ausente e ele assuma de forma interina o seu lugar, ir\u00e1 colocar para vota\u00e7\u00e3o em plen\u00e1rio o projeto de anistia.<\/p>\n<p>Em coletiva, o senador Fl\u00e1vio Bolsonaro (PL-RJ) disse que o que aconteceu com o ex-presidente \u2013 seu pai \u2013 \u00e9 uma viol\u00eancia institucional. \u201cVamos reagir com medidas dentro do Parlamento\u201d, afirmou em coletiva de imprensa.<\/p>\n<p>O deputado S\u00f3stenes Cavalcante (PL-RJ) afirmou que h\u00e1 uma coordena\u00e7\u00e3o centralizada ap\u00f3s uma conversa entre os presidentes dos partidos de oposi\u00e7\u00e3o na manh\u00e3 desta ter\u00e7a. \u201cA partir de agora estamos nos adestrando e nos apresentando para a guerra. Se \u00e9 guerra que o governo quer, \u00e9 guerra que o governo ter\u00e1. N\u00e3o haver\u00e1 paz no Brasil enquanto n\u00e3o houver discurso de concilia\u00e7\u00e3o que passa pela anistia, pela mudan\u00e7a do fim do foro e impeachment de Moraes\u201d, disse.<\/p>\n<p>Depois, Fl\u00e1vio Bolsonaro tamb\u00e9m manifestou insatisfa\u00e7\u00e3o com o presidente do Senado, que n\u00e3o demonstrou interesse em dialogar. \u00c0 jornalistas, afirmou: \u201cDavi [Alcolumbre] acho que est\u00e1 em Yom Kipur. Sabe o que \u00e9 Yom Kipur? Passa uma semana sumido, n\u00e3o atende o telefone, sem falar com ningu\u00e9m. Eu estou tentando falar com o Davi desde antes do recesso\u201d, disse. O senador Marcos Rog\u00e9rio tamb\u00e9m criticou Alcolumbre pela falta de di\u00e1logo.<\/p>\n<p>O mau clima tamb\u00e9m deve impactar algumas sabatinas de indicados para ag\u00eancias reguladoras, como \u00e9 o caso das que precisam ser analisadas pela Comiss\u00e3o de Infraestrutura (CI) do Senado. Ao <span class=\"jota\">JOTA<\/span>, o senador Marcos Rog\u00e9rio afirmou que n\u00e3o dever\u00e1 pautar, por ora, os nomes.<\/p>\n<p>A Comiss\u00e3o \u00e9 respons\u00e1vel por sabatinar indica\u00e7\u00f5es da Autoridade Nacional de Seguran\u00e7a Nuclear (ANSN), Ag\u00eancia Nacional de Transportes Terrestres (ANTT), Ag\u00eancia Nacional de Avia\u00e7\u00e3o Civil (Anac), Ag\u00eancia Nacional do Petr\u00f3leo, G\u00e1s Natural e Biocombust\u00edveis (ANP), Ag\u00eancia Nacional de Energia El\u00e9trica (Aneel) e Ag\u00eancia Nacional de Minera\u00e7\u00e3o\u00a0(ANM)<\/p>","protected":false},"excerpt":{"rendered":"<p>O Congresso Nacional retornou do recesso parlamentar nesta semana com um clima desfavor\u00e1vel ao governo. A oposi\u00e7\u00e3o anunciou, nesta ter\u00e7a-feira (5\/8), obstru\u00e7\u00e3o total nas duas Casas Legislativas at\u00e9 que seja aberto um di\u00e1logo com os presidentes para o avan\u00e7o de pautas de interesse do grupo. A a\u00e7\u00e3o coordenada \u00e9, tamb\u00e9m, uma resposta \u00e0 pris\u00e3o domiciliar [&hellip;]<\/p>\n","protected":false},"author":0,"featured_media":0,"comment_status":"open","ping_status":"open","sticky":false,"template":"","format":"standard","meta":[],"categories":[1],"tags":[],"_links":{"self":[{"href":"https:\/\/aprimora.site\/carvalhoalmeidaadvogados\/wp-json\/wp\/v2\/posts\/13226"}],"collection":[{"href":"https:\/\/aprimora.site\/carvalhoalmeidaadvogados\/wp-json\/wp\/v2\/posts"}],"about":[{"href":"https:\/\/aprimora.site\/carvalhoalmeidaadvogados\/wp-json\/wp\/v2\/types\/post"}],"replies":[{"embeddable":true,"href":"https:\/\/aprimora.site\/carvalhoalmeidaadvogados\/wp-json\/wp\/v2\/comments?post=13226"}],"version-history":[{"count":0,"href":"https:\/\/aprimora.site\/carvalhoalmeidaadvogados\/wp-json\/wp\/v2\/posts\/13226\/revisions"}],"wp:attachment":[{"href":"https:\/\/aprimora.site\/carvalhoalmeidaadvogados\/wp-json\/wp\/v2\/media?parent=13226"}],"wp:term":[{"taxonomy":"category","embeddable":true,"href":"https:\/\/aprimora.site\/carvalhoalmeidaadvogados\/wp-json\/wp\/v2\/categories?post=13226"},{"taxonomy":"post_tag","embeddable":true,"href":"https:\/\/aprimora.site\/carvalhoalmeidaadvogados\/wp-json\/wp\/v2\/tags?post=13226"}],"curies":[{"name":"wp","href":"https:\/\/api.w.org\/{rel}","templated":true}]}}