{"id":13138,"date":"2025-08-01T13:22:07","date_gmt":"2025-08-01T16:22:07","guid":{"rendered":"https:\/\/aprimora.site\/carvalhoalmeidaadvogados\/2025\/08\/01\/max-planck-law-e-lancado-no-brasil-em-evento-na-casa-jota\/"},"modified":"2025-08-01T13:22:07","modified_gmt":"2025-08-01T16:22:07","slug":"max-planck-law-e-lancado-no-brasil-em-evento-na-casa-jota","status":"publish","type":"post","link":"https:\/\/aprimora.site\/carvalhoalmeidaadvogados\/2025\/08\/01\/max-planck-law-e-lancado-no-brasil-em-evento-na-casa-jota\/","title":{"rendered":"Max Planck Law \u00e9 lan\u00e7ado no Brasil em evento na Casa JOTA"},"content":{"rendered":"<p><span>A <strong>Casa <span class=\"jota\">JOTA<\/span><\/strong> recebeu o lan\u00e7amento do Max Planck Law no Brasil na ter\u00e7a-feira (29\/7), em Bras\u00edlia. A cerim\u00f4nia marcou a aproxima\u00e7\u00e3o entre a rede jur\u00eddica Max Planck e institui\u00e7\u00f5es brasileiras, com a cria\u00e7\u00e3o de um centro da organiza\u00e7\u00e3o no pa\u00eds e a expans\u00e3o de iniciativas voltadas \u00e0 Am\u00e9rica Latina. O evento foi realizado em parceria com o Supremo Tribunal Federal (STF) e o Banco Nacional de Desenvolvimento Econ\u00f4mico e Social (BNDES).<\/span><\/p>\n<p><span>A rede engloba 11 institutos da Sociedade Max Planck dedicados \u00e0 pesquisa em Direito. No Brasil, a unidade do instituto est\u00e1 prevista para ser em S\u00e3o Paulo.<\/span><\/p>\n<p>Ministro Lu\u00eds Roberto Barroso falou no evento. Cr\u00e9dito: R\u00f4mulo Serpa\/<span class=\"jota\">JOTA<\/span><\/p>\n<p><span>Na cerim\u00f4nia, o presidente do <a href=\"https:\/\/www.jota.info\/tudo-sobre\/STF\" target=\"_blank\" rel=\"noopener\">STF<\/a>, ministro Lu\u00eds Roberto Barroso, disse que o lan\u00e7amento marca um contraponto ao avan\u00e7o global do anti-intelectualismo e \u00e9 uma \u201ccelebra\u00e7\u00e3o do conhecimento, da pesquisa, da educa\u00e7\u00e3o e do compartilhamento de ideias\u201d.<\/span><\/p>\n<p><span>\u201cVivemos na economia do conhecimento, da inova\u00e7\u00e3o, da tecnologia\u201d, disse o ministro. \u201cO curioso \u00e9 que, paradoxalmente, se vive em muitas partes do mundo um avan\u00e7o do anti-intelectualismo, um avan\u00e7o de um desprezo \u00e0s institui\u00e7\u00f5es do conhecimento. As institui\u00e7\u00f5es do conhecimento, as universidades,\u00a0 os centros de pesquisa, a imprensa que ajuda a circular a informa\u00e7\u00e3o, todas essas institui\u00e7\u00f5es vivem sob um certo ataque, de uma maneira geral. Mas \u00e9 sempre bom o momento de n\u00f3s refor\u00e7armos a nossa cren\u00e7a no conhecimento, no mundo das ideias,\u00a0 no mundo da busca da verdade\u201d, disse.<\/span><\/p>\n<p>Cr\u00e9dito: R\u00f4mulo Serpa\/<span class=\"jota\">JOTA<\/span><\/p>\n<p><span>Com sede na Alemanha, e atua\u00e7\u00e3o internacional, a Max Planck Law re\u00fane mais de 80 institutos de pesquisa jur\u00eddica. \u00c9 o lar de 30 vencedores do Pr\u00eamio Nobel e uma das melhores institui\u00e7\u00f5es de pesquisa do mundo. Os seus institutos priorizam colabora\u00e7\u00f5es globais e atraem pesquisadores de diversas regi\u00f5es. Mais de 70% deles n\u00e3o s\u00e3o alem\u00e3es. <\/span><\/p>\n<p><span>\u201cN\u00e3o trabalhamos apenas em outras regi\u00f5es, mas com pessoas dessas regi\u00f5es em nossos pr\u00f3prios institutos\u201d, explicou o diretor do Instituto Max Planck, professor Thomas Duve. O diretor destacou a cria\u00e7\u00e3o da iniciativa FOMO Latin America, voltada \u00e0 integra\u00e7\u00e3o de pesquisadores latino-americanos, que j\u00e1 articula eventos e pesquisas em temas como o Direito na Amaz\u00f4nia.<\/span><\/p>\n<p>Walter Ba\u00e8re, do BNDES, participou do lan\u00e7amento. Cr\u00e9dito: R\u00f4mulo Serpa<\/p>\n<p><span>O diretor jur\u00eddico do BNDES, Walter Ba\u00e8re, destacou que o BNDES contribui decisivamente para uma transi\u00e7\u00e3o energ\u00e9tica justa e sustent\u00e1vel. \u201cNo momento em que celebramos a realiza\u00e7\u00e3o no Brasil da COP30, confiamos que a amplifica\u00e7\u00e3o das ideias e do conhecimento s\u00e3o um caminho para o desenvolvimento\u201d. E acrescentou que \u201ca alian\u00e7a entre a Academia, os Estados soberanos e a sociedade \u00e9 o que vai garantir um futuro digno, sustent\u00e1vel e que preserve os valores caros da liberdade, da igualdade e da solidariedade\u201d.<\/span><\/p>\n<p><span>O evento na Casa <span class=\"jota\">JOTA<\/span>\u00a0 teve a presen\u00e7a do vice-presidente do STF, Edson Fachin, do ministro-chefe da Advocacia-Geral da Uni\u00e3o (AGU), Jorge Messias, do diretor jur\u00eddico do BNDES, Walter Ba\u00e8re, e do vice-presidente da Corte Interamericana de Direitos Humanos, Rodrigo Mudrovitsch. Tamb\u00e9m participaram os diretores do Max Planck Armin von Bogdandy e Ralf Poscher.<\/span><\/p>\n<p>O ministro Luiz Edson Fachin, do STF, prestigiou o encontro. Cr\u00e9dito: R\u00f4mulo Serpa\/<span class=\"jota\">JOTA<\/span><\/p>","protected":false},"excerpt":{"rendered":"<p>A Casa JOTA recebeu o lan\u00e7amento do Max Planck Law no Brasil na ter\u00e7a-feira (29\/7), em Bras\u00edlia. A cerim\u00f4nia marcou a aproxima\u00e7\u00e3o entre a rede jur\u00eddica Max Planck e institui\u00e7\u00f5es brasileiras, com a cria\u00e7\u00e3o de um centro da organiza\u00e7\u00e3o no pa\u00eds e a expans\u00e3o de iniciativas voltadas \u00e0 Am\u00e9rica Latina. O evento foi realizado em [&hellip;]<\/p>\n","protected":false},"author":0,"featured_media":0,"comment_status":"open","ping_status":"open","sticky":false,"template":"","format":"standard","meta":[],"categories":[1],"tags":[],"_links":{"self":[{"href":"https:\/\/aprimora.site\/carvalhoalmeidaadvogados\/wp-json\/wp\/v2\/posts\/13138"}],"collection":[{"href":"https:\/\/aprimora.site\/carvalhoalmeidaadvogados\/wp-json\/wp\/v2\/posts"}],"about":[{"href":"https:\/\/aprimora.site\/carvalhoalmeidaadvogados\/wp-json\/wp\/v2\/types\/post"}],"replies":[{"embeddable":true,"href":"https:\/\/aprimora.site\/carvalhoalmeidaadvogados\/wp-json\/wp\/v2\/comments?post=13138"}],"version-history":[{"count":0,"href":"https:\/\/aprimora.site\/carvalhoalmeidaadvogados\/wp-json\/wp\/v2\/posts\/13138\/revisions"}],"wp:attachment":[{"href":"https:\/\/aprimora.site\/carvalhoalmeidaadvogados\/wp-json\/wp\/v2\/media?parent=13138"}],"wp:term":[{"taxonomy":"category","embeddable":true,"href":"https:\/\/aprimora.site\/carvalhoalmeidaadvogados\/wp-json\/wp\/v2\/categories?post=13138"},{"taxonomy":"post_tag","embeddable":true,"href":"https:\/\/aprimora.site\/carvalhoalmeidaadvogados\/wp-json\/wp\/v2\/tags?post=13138"}],"curies":[{"name":"wp","href":"https:\/\/api.w.org\/{rel}","templated":true}]}}