{"id":12948,"date":"2025-07-24T21:15:05","date_gmt":"2025-07-25T00:15:05","guid":{"rendered":"https:\/\/aprimora.site\/carvalhoalmeidaadvogados\/2025\/07\/24\/ex-assessor-nega-monitoramento-e-diz-que-objetivo-era-aproximar-moraes-de-bolsonaro\/"},"modified":"2025-07-24T21:15:05","modified_gmt":"2025-07-25T00:15:05","slug":"ex-assessor-nega-monitoramento-e-diz-que-objetivo-era-aproximar-moraes-de-bolsonaro","status":"publish","type":"post","link":"https:\/\/aprimora.site\/carvalhoalmeidaadvogados\/2025\/07\/24\/ex-assessor-nega-monitoramento-e-diz-que-objetivo-era-aproximar-moraes-de-bolsonaro\/","title":{"rendered":"Ex-assessor nega monitoramento e diz que objetivo era aproximar Moraes de Bolsonaro"},"content":{"rendered":"<p>O ex-assessor de <a href=\"https:\/\/www.jota.info\/tudo-sobre\/jair-bolsonaro\">Jair Bolsonaro<\/a> Marcelo C\u00e2mara afirmou ao Supremo Tribunal Federal (<a href=\"https:\/\/www.jota.info\/tudo-sobre\/stf\">STF<\/a>), nesta quinta-feira (24\/7), que n\u00e3o monitorou o ministro <a href=\"https:\/\/www.jota.info\/tudo-sobre\/alexandre-de-moraes\">Alexandre de Moraes<\/a>, como acusa a Procuradoria-Geral da Rep\u00fablica (<a href=\"https:\/\/www.jota.info\/tudo-sobre\/pgr\">PGR<\/a>). Ele disse que as informa\u00e7\u00f5es sobre a localiza\u00e7\u00e3o do magistrado enviadas ao delator Mauro Cid tinham como objetivo uma aproxima\u00e7\u00e3o entre Bolsonaro e Moraes para \u201cevitar uma s\u00e9rie de problemas que hoje existem\u201d. C\u00e2mara \u00e9 um dos r\u00e9us da a\u00e7\u00e3o penal sobre a tentativa de golpe de estado no Brasil em 2022 (AP 2693).<\/p>\n<p>No Supremo, C\u00e2mara disse que passava as informa\u00e7\u00f5es que Cid pedia e n\u00e3o havia um monitoramento do ministro Alexandre. O ex-assessor tamb\u00e9m disse que, na \u00e9poca, n\u00e3o imaginava como as informa\u00e7\u00f5es repassadas poderiam estar sendo usadas e que at\u00e9 se sentiu \u201cusado\u201d.<\/p>\n<h3><a href=\"https:\/\/conteudo.jota.info\/marketing-lp-newsletter-jota-principal-lancamento\">Informa\u00e7\u00f5es direto ao ponto sobre o que realmente importa: assine gratuitamente a <span class=\"jota\">JOTA<\/span> Principal, a nova newsletter do <span class=\"jota\">JOTA<\/span><\/a><\/h3>\n<p>\u201cNaquele per\u00edodo, a gente estava numa situa\u00e7\u00e3o que trabalhava junto. Eu n\u00e3o sabia de opera\u00e7\u00e3o, n\u00e3o sabia de nada, a gente n\u00e3o tinha desconfian\u00e7a. Diferente da agora que a gente come\u00e7a a observar uma s\u00e9rie de coisas e come\u00e7a a observar que talvez o que foi falado como informa\u00e7\u00e3o pode ter sido usado de uma forma diferente daquela que eu queria. Eu n\u00e3o queria aquilo ali, a minha inten\u00e7\u00e3o foi fazer para o senhor\u201d, disse.<\/p>\n<p>A den\u00fancia apresentada pela PGR afirma que houve a intensifica\u00e7\u00e3o do monitoramento do ministro Alexandre de Moraes em dezembro de 2022 com troca de mensagens sobre a localiza\u00e7\u00e3o e rota do magistrado entre aliados de Bolsonaro. Ainda segundo a PGR, esse monitoramento de Moraes tinha com objetivo de concretizar o Plano Punhal Verde e Amarelo \u2013 que consistia em \u201cneutralizar\u201d o magistrado e se cogitava o uso de armas. O presidente e o vice eleitos \u2013 Luiz In\u00e1cio Lula e Geraldo Alckmin \u2013 tamb\u00e9m seriam alvos do mesmo plano.<\/p>\n<p>A procuradora Gabriela Starling perguntou \u00e0 C\u00e2mara porque citavam necessariamente a rota de Moraes no dia 12 de dezembro, data da diploma\u00e7\u00e3o do presidente eleito, Lula, e ele respondeu que estavam acompanhando a rota de autoridades de uma forma geral. Essas mensagens haviam sido apagadas do celular de Cid, mas foram recuperadas depois.<\/p>\n<p>Em outra conversa, no dia 15 de dezembro de 2022, Cid e C\u00e2mara tamb\u00e9m trocaram mensagens sobre os deslocamentos de Moraes. \u201cViajou para S\u00e3o Paulo hoje, retorna na manh\u00e3 de segunda-feira e viaja novamente pra SP no mesmo dia. Por enquanto s\u00f3 retorna a Bras\u00edlia pra posse do ladr\u00e3o. Qualquer mudan\u00e7a que saiba lhe informo\u201d, diz uma das mensagens que constam na den\u00fancia da PGR,<\/p>\n<p>\u201cCitamos o ministro Alexandre de Moraes naquela rota. Havia uma inten\u00e7\u00e3o de aproximar o ministro do presidente, n\u00e9? Mas havia uma preocupa\u00e7\u00e3o tamb\u00e9m de n\u00e3o criar nenhum constrangimento, nem mesmo com o presidente, nem mesmo com o ministro Alexandre. Ent\u00e3o, \u00e9 comum a gente informar as autoridades que v\u00e3o instalar\u201d, justificou C\u00e2mara no STF.<\/p>\n<p>Ainda segundo C\u00e2mara, essa aproxima\u00e7\u00e3o de Bolsonaro com Moraes contaria com pessoas \u201cpontes\u201d como o senador Ciro Nogueira (PP-PI) e o ex-presidente Michel Temer. Em depoimento no STF no dia 16 de julho, Nogueira, ex-ministro da Casa Civil no governo Bolsonaro, confirmou o encontro entre o ex-presidente e Moraes no fim de 2022.<\/p>","protected":false},"excerpt":{"rendered":"<p>O ex-assessor de Jair Bolsonaro Marcelo C\u00e2mara afirmou ao Supremo Tribunal Federal (STF), nesta quinta-feira (24\/7), que n\u00e3o monitorou o ministro Alexandre de Moraes, como acusa a Procuradoria-Geral da Rep\u00fablica (PGR). Ele disse que as informa\u00e7\u00f5es sobre a localiza\u00e7\u00e3o do magistrado enviadas ao delator Mauro Cid tinham como objetivo uma aproxima\u00e7\u00e3o entre Bolsonaro e Moraes [&hellip;]<\/p>\n","protected":false},"author":0,"featured_media":0,"comment_status":"open","ping_status":"open","sticky":false,"template":"","format":"standard","meta":[],"categories":[1],"tags":[],"_links":{"self":[{"href":"https:\/\/aprimora.site\/carvalhoalmeidaadvogados\/wp-json\/wp\/v2\/posts\/12948"}],"collection":[{"href":"https:\/\/aprimora.site\/carvalhoalmeidaadvogados\/wp-json\/wp\/v2\/posts"}],"about":[{"href":"https:\/\/aprimora.site\/carvalhoalmeidaadvogados\/wp-json\/wp\/v2\/types\/post"}],"replies":[{"embeddable":true,"href":"https:\/\/aprimora.site\/carvalhoalmeidaadvogados\/wp-json\/wp\/v2\/comments?post=12948"}],"version-history":[{"count":0,"href":"https:\/\/aprimora.site\/carvalhoalmeidaadvogados\/wp-json\/wp\/v2\/posts\/12948\/revisions"}],"wp:attachment":[{"href":"https:\/\/aprimora.site\/carvalhoalmeidaadvogados\/wp-json\/wp\/v2\/media?parent=12948"}],"wp:term":[{"taxonomy":"category","embeddable":true,"href":"https:\/\/aprimora.site\/carvalhoalmeidaadvogados\/wp-json\/wp\/v2\/categories?post=12948"},{"taxonomy":"post_tag","embeddable":true,"href":"https:\/\/aprimora.site\/carvalhoalmeidaadvogados\/wp-json\/wp\/v2\/tags?post=12948"}],"curies":[{"name":"wp","href":"https:\/\/api.w.org\/{rel}","templated":true}]}}