{"id":12460,"date":"2025-07-03T19:10:20","date_gmt":"2025-07-03T22:10:20","guid":{"rendered":"https:\/\/aprimora.site\/carvalhoalmeidaadvogados\/2025\/07\/03\/pejotizacao-mendes-marca-audiencia-publica-para-10-de-setembro\/"},"modified":"2025-07-03T19:10:20","modified_gmt":"2025-07-03T22:10:20","slug":"pejotizacao-mendes-marca-audiencia-publica-para-10-de-setembro","status":"publish","type":"post","link":"https:\/\/aprimora.site\/carvalhoalmeidaadvogados\/2025\/07\/03\/pejotizacao-mendes-marca-audiencia-publica-para-10-de-setembro\/","title":{"rendered":"Pejotiza\u00e7\u00e3o: Mendes marca audi\u00eancia p\u00fablica para 10 de setembro"},"content":{"rendered":"<p>O ministro <a href=\"https:\/\/www.jota.info\/tudo-sobre\/gilmar-mendes\">Gilmar Mendes<\/a>, do Supremo Tribunal Federal (<a href=\"https:\/\/www.jota.info\/tudo-sobre\/STF\">STF<\/a>), marcou para o dia 10 de setembro de 2025 uma audi\u00eancia p\u00fablica para discutir a pejotiza\u00e7\u00e3o no Brasil. No despacho chamando para a reuni\u00e3o, o ministro elencou perguntas exemplificativas que ele pretende discutir, que v\u00e3o desde o que se entende por pejotiza\u00e7\u00e3o, a dimens\u00e3o do fen\u00f4meno na economia brasileira, qual o impacto financeiro da pejotiza\u00e7\u00e3o na arrecada\u00e7\u00e3o tribut\u00e1ria da Uni\u00e3o e no equil\u00edbrio do sistema previdenci\u00e1rio, como se d\u00e1 o tratamento tribut\u00e1rio de pessoas f\u00edsicas versus pessoas jur\u00eddicas no contexto da pejotiza\u00e7\u00e3o, dentre outros t\u00f3picos.<\/p>\n<p>As entidades e os interessados em participar da audi\u00eancia p\u00fablica dever\u00e3o se inscrever at\u00e9 o dia 10 de agosto por meio de preenchimento de formul\u00e1rio eletr\u00f4nico no qual dever\u00e3o ser informados: nome completo, CPF ou CNPJ, telefone, e-mail, curr\u00edculo, institui\u00e7\u00e3o de vincula\u00e7\u00e3o, tipo de participa\u00e7\u00e3o (convidado ou expositor) e tema da exposi\u00e7\u00e3o. Clique <a href=\"https:\/\/forms.office.com\/pages\/responsepage.aspx?id=aAfiUnJemUyOJSptgag5AzpjljJxqNtPi7JR2zWNYMpUOUtDRVZQTk5aTlo5UTEzWjFITUIzMThTRi4u&amp;route=shorturl\">aqui<\/a> para participar.<\/p>\n<h3><a href=\"https:\/\/conteudo.jota.info\/marketing-lp-conversao-jota-pro-trabalhista?utm_source=site&amp;utm_medium=lp&amp;utm_campaign=11-03-2025-site-lp-cta-pro-trabalhista-lead-site-audiencias-trabalhista&amp;utm_content=site-lp-cta-pro-trabalhista-lead-site-trabalhista&amp;utm_term=audiencias\">Conhe\u00e7a o <span class=\"jota\">JOTA<\/span> PRO Trabalhista, solu\u00e7\u00e3o corporativa que antecipa as movimenta\u00e7\u00f5es trabalhistas no Judici\u00e1rio, Legislativo e Executivo<\/a><\/h3>\n<p>A rela\u00e7\u00e3o de inscritos habilitados a participar da audi\u00eancia p\u00fablica ser\u00e1 divulgada no dia 15 de agosto. A audi\u00eancia ser\u00e1 transmitida pela TV Justi\u00e7a e pela R\u00e1dio Justi\u00e7a.<\/p>\n<p>O caso concreto do ARE 1532603 versa sobre um franqueado que buscava o reconhecimento de v\u00ednculo empregat\u00edcio com uma franqueadora. Por\u00e9m, ao admitir a repercuss\u00e3o geral do caso, a discuss\u00e3o foi expandida para decidir a \u201ccompet\u00eancia e \u00f4nus da prova nos processos que discutem a exist\u00eancia de fraude no contrato civil\/comercial de presta\u00e7\u00e3o de servi\u00e7os; e a licitude da contrata\u00e7\u00e3o de pessoa jur\u00eddica ou trabalhador aut\u00f4nomo para essa finalidade\u201d.<\/p>","protected":false},"excerpt":{"rendered":"<p>O ministro Gilmar Mendes, do Supremo Tribunal Federal (STF), marcou para o dia 10 de setembro de 2025 uma audi\u00eancia p\u00fablica para discutir a pejotiza\u00e7\u00e3o no Brasil. No despacho chamando para a reuni\u00e3o, o ministro elencou perguntas exemplificativas que ele pretende discutir, que v\u00e3o desde o que se entende por pejotiza\u00e7\u00e3o, a dimens\u00e3o do fen\u00f4meno [&hellip;]<\/p>\n","protected":false},"author":0,"featured_media":0,"comment_status":"open","ping_status":"open","sticky":false,"template":"","format":"standard","meta":[],"categories":[1],"tags":[],"_links":{"self":[{"href":"https:\/\/aprimora.site\/carvalhoalmeidaadvogados\/wp-json\/wp\/v2\/posts\/12460"}],"collection":[{"href":"https:\/\/aprimora.site\/carvalhoalmeidaadvogados\/wp-json\/wp\/v2\/posts"}],"about":[{"href":"https:\/\/aprimora.site\/carvalhoalmeidaadvogados\/wp-json\/wp\/v2\/types\/post"}],"replies":[{"embeddable":true,"href":"https:\/\/aprimora.site\/carvalhoalmeidaadvogados\/wp-json\/wp\/v2\/comments?post=12460"}],"version-history":[{"count":0,"href":"https:\/\/aprimora.site\/carvalhoalmeidaadvogados\/wp-json\/wp\/v2\/posts\/12460\/revisions"}],"wp:attachment":[{"href":"https:\/\/aprimora.site\/carvalhoalmeidaadvogados\/wp-json\/wp\/v2\/media?parent=12460"}],"wp:term":[{"taxonomy":"category","embeddable":true,"href":"https:\/\/aprimora.site\/carvalhoalmeidaadvogados\/wp-json\/wp\/v2\/categories?post=12460"},{"taxonomy":"post_tag","embeddable":true,"href":"https:\/\/aprimora.site\/carvalhoalmeidaadvogados\/wp-json\/wp\/v2\/tags?post=12460"}],"curies":[{"name":"wp","href":"https:\/\/api.w.org\/{rel}","templated":true}]}}