{"id":12445,"date":"2025-07-03T08:00:38","date_gmt":"2025-07-03T11:00:38","guid":{"rendered":"https:\/\/aprimora.site\/carvalhoalmeidaadvogados\/2025\/07\/03\/mp-do-fundo-social-pavimenta-credito-para-reformas-de-casas-e-recursos-para-saude-e-educacao\/"},"modified":"2025-07-03T08:00:38","modified_gmt":"2025-07-03T11:00:38","slug":"mp-do-fundo-social-pavimenta-credito-para-reformas-de-casas-e-recursos-para-saude-e-educacao","status":"publish","type":"post","link":"https:\/\/aprimora.site\/carvalhoalmeidaadvogados\/2025\/07\/03\/mp-do-fundo-social-pavimenta-credito-para-reformas-de-casas-e-recursos-para-saude-e-educacao\/","title":{"rendered":"MP do Fundo Social pavimenta cr\u00e9dito para reformas de casas e recursos para Sa\u00fade e Educa\u00e7\u00e3o"},"content":{"rendered":"<p>A MP 1291, aprovada na ter\u00e7a-feira (1\/7) pelo Senado, teve um acr\u00e9scimo promovido pelo Congresso que pavimenta o caminho para o lan\u00e7amento do programa de cr\u00e9dito para reforma de im\u00f3veis, a ser lan\u00e7ado neste segundo semestre. A medida aguarda san\u00e7\u00e3o presidencial.<\/p>\n<h3><a href=\"https:\/\/conteudo.jota.info\/marketing-lp-newsletter-jota-principal-lancamento\">Informa\u00e7\u00f5es direto ao ponto sobre o que realmente importa: assine gratuitamente a <span class=\"jota\">JOTA<\/span> Principal, a nova newsletter do <span class=\"jota\">JOTA<\/span><\/a><\/h3>\n<p>O texto permite que o Fundo Garantidor da Habita\u00e7\u00e3o Popular (FGHab) seja usado para cobrir parte do risco em opera\u00e7\u00f5es de cr\u00e9dito para melhorias habitacionais em \u00e1reas urbanas, voltadas a fam\u00edlias de baixa renda, na \u201cFaixa 1\u201d do <a href=\"https:\/\/www.jota.info\/tudo-sobre\/minha-casa-minha-vida\">Minha Casa, Minha Vida<\/a>.<\/p>\n<p>De acordo com o relat\u00f3rio do deputado Jos\u00e9 Priante (MDB-PA), que alinhou o texto na comiss\u00e3o mista antes das aprova\u00e7\u00f5es nos plen\u00e1rios da C\u00e2mara e do Senado, tamb\u00e9m ficou definido que \u201cos agentes financeiros que aderirem \u00e0 cobertura do fundo dever\u00e3o integralizar cotas proporcionais ao valor do financiamento, podendo ser dispensados em casos espec\u00edficos\u201d.<\/p>\n<p>A medida foi combinada com o governo, que tem uma leitura de que sem um refor\u00e7o de garantia a nova linha de cr\u00e9dito n\u00e3o seria vi\u00e1vel para o p\u00fablico de mais baixa renda. O <strong><span class=\"jota\">JOTA<\/span><\/strong> apurou que o FGHAB pode usar cerca de R$ 1 bilh\u00e3o em recursos e que a linha de cr\u00e9dito para reformas deve contar com cerca de R$ 7,5 bilh\u00f5es originados do Fundo Social.<\/p>\n<h3>Isen\u00e7\u00e3o de impostos<\/h3>\n<p>A MP aprovada pelo Congresso tamb\u00e9m promoveu uma isen\u00e7\u00e3o de impostos para as opera\u00e7\u00f5es com recursos do Fundo Social, que n\u00e3o foi proposta pelo governo e ainda ser\u00e1 avaliada para san\u00e7\u00e3o ou n\u00e3o pelo Planalto. O impacto fiscal n\u00e3o foi estimado pelo relator, que disse ao <strong><span class=\"jota\">JOTA<\/span><\/strong> que a medida vai ajudar a reduzir o valor das presta\u00e7\u00f5es para os tomadores de empr\u00e9stimos no \u00e2mbito do Minha Casa, Minha Vida.<\/p>\n<h3>Amplia\u00e7\u00e3o do uso do FS para sa\u00fade e educa\u00e7\u00e3o pode ficar fora do teto<\/h3>\n<p>Outra mudan\u00e7a feita no texto original da MP foi a amplia\u00e7\u00e3o da destina\u00e7\u00e3o de mais 5% de recursos do Fundo Social para educa\u00e7\u00e3o e sa\u00fade. Segundo o <strong><span class=\"jota\">JOTA<\/span><\/strong> apurou, h\u00e1 possibilidade de esse aporte adicional nessas \u00e1reas, que \u00e9 um gasto or\u00e7ament\u00e1rio prim\u00e1rio, ser executado fora do limite do teto de gastos, algo que o relator reconheceu que est\u00e1 em discuss\u00e3o, mas que ainda depende de um outro projeto.<\/p>\n<p>\u201c[\u2026]ser\u00e3o destinados, adicionalmente, 5% a serem distribu\u00eddos para educa\u00e7\u00e3o p\u00fablica e para a sa\u00fade, a partir da vig\u00eancia de lei espec\u00edfica, que definir\u00e1 o percentual que caber\u00e1 a cada uma dessas \u00e1reas, e que dever\u00e1 ser editada em 120 dias da publica\u00e7\u00e3o da Lei de Convers\u00e3o da MPV. Uma vez editada essa lei espec\u00edfica, a vincula\u00e7\u00e3o dos 5% deve vigorar por cinco exerc\u00edcios financeiros a contar de sua publica\u00e7\u00e3o\u201d, diz o texto do relat\u00f3rio aprovado pelo Congresso.<\/p>\n<h3>Mais um passo para tentar aumentar popularidade de Lula<\/h3>\n<p>A aprova\u00e7\u00e3o da MP do Fundo Social tamb\u00e9m, como j\u00e1 noticiado, vai permitir o leil\u00e3o de \u00e1reas adjacentes do pr\u00e9-sal, aumentando os recursos para fechar o or\u00e7amento do governo, al\u00e9m do seu escopo original da proposta de ampliar as possibilidades de uso desse fundo e o direcionamento de R$ 15 bilh\u00f5es para o Minha Casa Minha Vida.<\/p>\n<h3><a href=\"https:\/\/www.jota.info\/produtos\/poder?utm_source=cta-site&amp;utm_medium=site&amp;utm_campaign=campanha_poder_q2&amp;utm_id=cta_texto_poder_q2_2023&amp;utm_term=cta_texto_poder&amp;utm_term=cta_texto_poder_meio_materias\"><span>Conhe\u00e7a o <span class=\"jota\">JOTA<\/span> PRO Poder, plataforma de monitoramento que oferece transpar\u00eancia e previsibilidade para empresas<\/span><\/a><\/h3>\n<p>Depois da derrota no decreto legislativo no IOF, a vota\u00e7\u00e3o dessa proposta pelos parlamentares foi uma esp\u00e9cie de compensa\u00e7\u00e3o para o governo, uma tentativa de mostrar que o Parlamento n\u00e3o foi totalmente para a oposi\u00e7\u00e3o.<\/p>\n<p>Ainda que parte das modifica\u00e7\u00f5es na MP n\u00e3o tenham necessariamente sido combinadas com o governo, como a desonera\u00e7\u00e3o das opera\u00e7\u00f5es de cr\u00e9dito, fica claro que o teor final dela pode ajudar o governo a aumentar suas entregas na \u00e1rea de habita\u00e7\u00e3o. E o foco nesse caso n\u00e3o \u00e9 s\u00f3 nos mais pobres, mas tamb\u00e9m na classe m\u00e9dia, uma vez que o programa j\u00e1 conta com uma quarta faixa e a MP ainda deu a faculdade ao ministro das Cidades para criar novas faixas e atualizar a renda familiar de acesso ao programa.<\/p>","protected":false},"excerpt":{"rendered":"<p>A MP 1291, aprovada na ter\u00e7a-feira (1\/7) pelo Senado, teve um acr\u00e9scimo promovido pelo Congresso que pavimenta o caminho para o lan\u00e7amento do programa de cr\u00e9dito para reforma de im\u00f3veis, a ser lan\u00e7ado neste segundo semestre. A medida aguarda san\u00e7\u00e3o presidencial. Informa\u00e7\u00f5es direto ao ponto sobre o que realmente importa: assine gratuitamente a JOTA Principal, [&hellip;]<\/p>\n","protected":false},"author":0,"featured_media":0,"comment_status":"open","ping_status":"open","sticky":false,"template":"","format":"standard","meta":[],"categories":[1],"tags":[],"_links":{"self":[{"href":"https:\/\/aprimora.site\/carvalhoalmeidaadvogados\/wp-json\/wp\/v2\/posts\/12445"}],"collection":[{"href":"https:\/\/aprimora.site\/carvalhoalmeidaadvogados\/wp-json\/wp\/v2\/posts"}],"about":[{"href":"https:\/\/aprimora.site\/carvalhoalmeidaadvogados\/wp-json\/wp\/v2\/types\/post"}],"replies":[{"embeddable":true,"href":"https:\/\/aprimora.site\/carvalhoalmeidaadvogados\/wp-json\/wp\/v2\/comments?post=12445"}],"version-history":[{"count":0,"href":"https:\/\/aprimora.site\/carvalhoalmeidaadvogados\/wp-json\/wp\/v2\/posts\/12445\/revisions"}],"wp:attachment":[{"href":"https:\/\/aprimora.site\/carvalhoalmeidaadvogados\/wp-json\/wp\/v2\/media?parent=12445"}],"wp:term":[{"taxonomy":"category","embeddable":true,"href":"https:\/\/aprimora.site\/carvalhoalmeidaadvogados\/wp-json\/wp\/v2\/categories?post=12445"},{"taxonomy":"post_tag","embeddable":true,"href":"https:\/\/aprimora.site\/carvalhoalmeidaadvogados\/wp-json\/wp\/v2\/tags?post=12445"}],"curies":[{"name":"wp","href":"https:\/\/api.w.org\/{rel}","templated":true}]}}