{"id":12428,"date":"2025-07-02T20:24:45","date_gmt":"2025-07-02T23:24:45","guid":{"rendered":"https:\/\/aprimora.site\/carvalhoalmeidaadvogados\/?p=12428"},"modified":"2025-07-02T20:24:45","modified_gmt":"2025-07-02T23:24:45","slug":"2a-camara-reconhece-dispensa-discriminatoria-de-trabalhador-com-deficiencia","status":"publish","type":"post","link":"https:\/\/aprimora.site\/carvalhoalmeidaadvogados\/2025\/07\/02\/2a-camara-reconhece-dispensa-discriminatoria-de-trabalhador-com-deficiencia\/","title":{"rendered":"2\u00aa C\u00e2mara reconhece dispensa discriminat\u00f3ria de trabalhador com defici\u00eancia"},"content":{"rendered":"<p><span>2\u00aa C\u00e2mara reconhece dispensa discriminat\u00f3ria de trabalhador com defici\u00eancia<\/span><\/p>\n<div>  <a href=\"https:\/\/trt15.jus.br\/noticia\/2025\/2a-camara-reconhece-dispensa-discriminatoria-de-trabalhador-com-deficiencia\"><\/a>\n<\/div>\n<p><span><span>anasiqueira<\/span><\/span><\/p>\n<p><span>Qua, 02\/07\/2025 &#8211; 17:24<\/span><\/p>\n<div>\n<div>2\u00aa C\u00e2mara reconhece dispensa discriminat\u00f3ria de trabalhador com defici\u00eancia<\/div>\n<\/div>\n<div>\n<div class=\"visually-hidden\">Conte\u00fado da Not\u00edcia<\/div>\n<div>\n<p>Em vota\u00e7\u00e3o un\u00e2nime, a 2\u00aa C\u00e2mara do Tribunal Regional do Trabalho da 15\u00aa Regi\u00e3o considerou discriminat\u00f3ria a demiss\u00e3o de um trabalhador com defici\u00eancia realizada por uma multinacional da \u00e1rea de seguran\u00e7a e automa\u00e7\u00e3o industrial.<\/p>\n<p>Segundo constou dos autos, o empregado foi contratado em 10.7.2007 para exercer a fun\u00e7\u00e3o de montador. O contrato de trabalho perdurou at\u00e9 23.5.2023, ocasi\u00e3o em que se findou por dispensa imotivada, dias depois de o empregado ter comunicado que precisaria realizar uma cirurgia no dia 31.8.2023.\u00a0<\/p>\n<p>Na Justi\u00e7a do Trabalho, ele defendeu ter sido v\u00edtima de uma dispensa \u201cdiscriminat\u00f3ria\u201d, uma vez que a empresa tinha ci\u00eancia pr\u00e9via do tratamento m\u00e9dico e da cirurgia a que seria submetido. O Ju\u00edzo da Vara do Trabalho de Tiet\u00ea julgou improcedente os pedidos por entender que n\u00e3o houve configura\u00e7\u00e3o da alegada discrimina\u00e7\u00e3o.<\/p>\n<p>Para a relatora do ac\u00f3rd\u00e3o, desembargadora Larissa Carotta Martins da Silva Scarabelim, o fato de o trabalhador ser portador de pr\u00f3tese total de quadril direito, com restri\u00e7\u00e3o de mobilidade de fun\u00e7\u00f5es de esfor\u00e7o excessivo, o que o enquadra como pessoa com defici\u00eancia (PCD), \u201cconfigura situa\u00e7\u00e3o de vulnerabilidade\u201d, o que, no caso, enseja \u201ca presun\u00e7\u00e3o de dispensa discriminat\u00f3ria\u201d, afirmou.\u00a0<\/p>\n<p>A empresa, em sua defesa, alegou apenas o \u201cdireito potestativo do empregador\u201d de despedir o empregado, por\u00e9m n\u00e3o h\u00e1 nenhuma alega\u00e7\u00e3o de que esta decorreu de reestrutura\u00e7\u00e3o ou de que mais pessoas foram dispensadas no per\u00edodo. O colegiado, por isso, entendeu \u201cprovado que a dispensa do reclamante ocorreu ap\u00f3s a comunica\u00e7\u00e3o pr\u00e9via sobre seu adoecimento e necessidade de cirurgia, com afastamento por mais de 10 meses (comprovado pelo gozo de benef\u00edcio previdenci\u00e1rio, no per\u00edodo de 22 de junho de 2023 a 29 de abril de 2024)\u201d.<\/p>\n<p>Nesse sentido, o colegiado reconheceu como discriminat\u00f3ria a dispensa, uma vez que empresa, \u201cde forma abusiva, adotou pr\u00e1tica limitativa para efeito de manuten\u00e7\u00e3o \u00e0 rela\u00e7\u00e3o de trabalho, em virtude de o empregado necessitar passar por cirurgia que demandaria cuidados m\u00e9dicos constantes e afastamento de suas atividades laborais\u201d, o que configura \u201cabuso do direito potestativo de rescis\u00e3o unilateral do contrato de trabalho\u201d. E por isso condenou a reclamada ao pagamento da remunera\u00e7\u00e3o, em dobro, do per\u00edodo entre a data da dispensa e da prola\u00e7\u00e3o dessa decis\u00e3o, nos termos do art. 4\u00ba, inciso II, da Lei 9.029\/95.<\/p>\n<p>O colegiado afirmou ainda que \u00e9 \u201cevidente que a postura da reclamada gerou preju\u00edzos de ordem moral ao reclamante\u201d, mas o fato de a empresa ter mantido o plano de sa\u00fade ap\u00f3s a dispensa, enquanto a reclamante realizava tratamentos m\u00e9dicos, \u201c\u00e9 circunst\u00e2ncia que deve ser considerada para a fixa\u00e7\u00e3o do valor da indeniza\u00e7\u00e3o por danos morais\u201d, que foi de R$ 10 mil. (Processo 0012069-43.2024.5.15.0111)<\/p>\n<p><em>Foto: Banco de imagens Canva. S\u00edmbolo da acessibilidade: site do Senado Federal.<\/em><\/p>\n<p><em>Esta mat\u00e9ria \u00e9 meramente informativa.<\/em><br \/><em>Permitida a reprodu\u00e7\u00e3o mediante cita\u00e7\u00e3o da fonte.<br \/>\nCoordenadoria de Comunica\u00e7\u00e3o Social.<br \/>\nTRT-15<br \/>\nTel.(19) 3236 1789<br \/>\nimprensa@trt15.jus.br<\/em><\/p>\n<\/div><\/div>\n<div>\n<div>Unidade Respons\u00e1vel:<\/div>\n<div>Comunica\u00e7\u00e3o Social<\/div>\n<\/div>\n<div>Qua, 02\/07\/2025 &#8211; 17:24<\/div>\n<p>      <span class=\"a2a_kit a2a_kit_size_16 addtoany_list\"><a class=\"a2a_dd addtoany_share\" href=\"https:\/\/www.addtoany.com\/share#url=https%3A%2F%2Ftrt15.jus.br%2Fnoticia%2F2025%2F2a-camara-reconhece-dispensa-discriminatoria-de-trabalhador-com-deficiencia&amp;title=2%C2%AA%20C%C3%A2mara%20reconhece%20dispensa%20discriminat%C3%B3ria%20de%20trabalhador%20com%20defici%C3%AAncia\"><\/a><a class=\"a2a_button_whatsapp\"><\/a><a class=\"a2a_button_google_gmail\"><\/a><a class=\"a2a_button_twitter\"><\/a><a class=\"a2a_button_facebook\"><\/a><a class=\"a2a_button_linkedin\"><\/a><\/span><\/p>","protected":false},"excerpt":{"rendered":"<p>2\u00aa C\u00e2mara reconhece dispensa discriminat\u00f3ria de trabalhador com defici\u00eancia anasiqueira Qua, 02\/07\/2025 &#8211; 17:24 2\u00aa C\u00e2mara reconhece dispensa discriminat\u00f3ria de trabalhador com defici\u00eancia Conte\u00fado da Not\u00edcia Em vota\u00e7\u00e3o un\u00e2nime, a 2\u00aa C\u00e2mara do Tribunal Regional do Trabalho da 15\u00aa Regi\u00e3o considerou discriminat\u00f3ria a demiss\u00e3o de um trabalhador com defici\u00eancia realizada por uma multinacional da \u00e1rea [&hellip;]<\/p>\n","protected":false},"author":0,"featured_media":12429,"comment_status":"open","ping_status":"open","sticky":false,"template":"","format":"standard","meta":[],"categories":[1],"tags":[],"_links":{"self":[{"href":"https:\/\/aprimora.site\/carvalhoalmeidaadvogados\/wp-json\/wp\/v2\/posts\/12428"}],"collection":[{"href":"https:\/\/aprimora.site\/carvalhoalmeidaadvogados\/wp-json\/wp\/v2\/posts"}],"about":[{"href":"https:\/\/aprimora.site\/carvalhoalmeidaadvogados\/wp-json\/wp\/v2\/types\/post"}],"replies":[{"embeddable":true,"href":"https:\/\/aprimora.site\/carvalhoalmeidaadvogados\/wp-json\/wp\/v2\/comments?post=12428"}],"version-history":[{"count":0,"href":"https:\/\/aprimora.site\/carvalhoalmeidaadvogados\/wp-json\/wp\/v2\/posts\/12428\/revisions"}],"wp:featuredmedia":[{"embeddable":true,"href":"https:\/\/aprimora.site\/carvalhoalmeidaadvogados\/wp-json\/wp\/v2\/media\/12429"}],"wp:attachment":[{"href":"https:\/\/aprimora.site\/carvalhoalmeidaadvogados\/wp-json\/wp\/v2\/media?parent=12428"}],"wp:term":[{"taxonomy":"category","embeddable":true,"href":"https:\/\/aprimora.site\/carvalhoalmeidaadvogados\/wp-json\/wp\/v2\/categories?post=12428"},{"taxonomy":"post_tag","embeddable":true,"href":"https:\/\/aprimora.site\/carvalhoalmeidaadvogados\/wp-json\/wp\/v2\/tags?post=12428"}],"curies":[{"name":"wp","href":"https:\/\/api.w.org\/{rel}","templated":true}]}}