{"id":12264,"date":"2025-06-26T10:58:43","date_gmt":"2025-06-26T13:58:43","guid":{"rendered":"https:\/\/aprimora.site\/carvalhoalmeidaadvogados\/2025\/06\/26\/apos-humilhacao-no-congresso-governo-mira-2026-e-acirra-ricos-contra-pobres\/"},"modified":"2025-06-26T10:58:43","modified_gmt":"2025-06-26T13:58:43","slug":"apos-humilhacao-no-congresso-governo-mira-2026-e-acirra-ricos-contra-pobres","status":"publish","type":"post","link":"https:\/\/aprimora.site\/carvalhoalmeidaadvogados\/2025\/06\/26\/apos-humilhacao-no-congresso-governo-mira-2026-e-acirra-ricos-contra-pobres\/","title":{"rendered":"Ap\u00f3s humilha\u00e7\u00e3o no Congresso, governo mira 2026 e acirra \u2018ricos contra pobres\u2019"},"content":{"rendered":"<p>Ap\u00f3s <a href=\"https:\/\/www.jota.info\/legislativo\/em-derrota-do-governo-senado-derruba-decretos-que-aumentam-iof\">humilha\u00e7\u00e3o no Congresso<\/a>, governo mira 2026 e acirra \u201cricos contra pobres\u201d<br \/>\nPasso mais claro para a elei\u00e7\u00e3o do pr\u00f3ximo ano foi dado pelo centr\u00e3o com derrubada antecipada do IOF; governo deve refor\u00e7ar embate sobre diferen\u00e7as de projetos pol\u00edticos, mas sem ruptura com o centr\u00e3o no curto prazo<br \/>\nA <a href=\"https:\/\/www.jota.info\/legislativo\/derrubada-do-iof-na-pauta-pegou-lideres-e-governo-de-surpresa\">surpreendente decis\u00e3o<\/a> do presidente da C\u00e2mara, <a href=\"https:\/\/www.jota.info\/tudo-sobre\/hugo-motta\">Hugo Motta<\/a>, de pautar o projeto de decreto legislativo sustando os decretos de aumento do IOF nessa quarta-feira (25\/6), <a href=\"https:\/\/www.jota.info\/opiniao-e-analise\/colunas\/coluna-do-mura\/o-enigma-hugo-motta-e-a-relacao-entre-camara-e-planalto\">impondo uma derrota<\/a> humilhante ao Planalto, teve uma s\u00e9rie de interpreta\u00e7\u00f5es entre os operadores da pol\u00edtica do governo e do Congresso. Independentemente das diferentes vers\u00f5es e motiva\u00e7\u00f5es, o que ficou evidenciado foi um acirramento da disputa pol\u00edtica entre o centr\u00e3o e o governo, mirando a disputa de 2026.<\/p>\n<h3><a href=\"https:\/\/www.jota.info\/produtos\/poder?utm_source=cta-site&amp;utm_medium=site&amp;utm_campaign=campanha_poder_q2&amp;utm_id=cta_texto_poder_q2_2023&amp;utm_term=cta_texto_poder&amp;utm_term=cta_texto_poder_meio_materias\">Este conte\u00fado foi antecipado na quarta-feira (25\/6) para os assinantes corporativos do <span class=\"jota\">JOTA<\/span> PRO Poder, uma plataforma de monitoramento pol\u00edtico com informa\u00e7\u00f5es de bastidores que oferece mais transpar\u00eancia e previsibilidade para empresas. Conhe\u00e7a!<\/a><\/h3>\n<p>O valor de R$ 12 bilh\u00f5es estimado de perda de arrecada\u00e7\u00e3o com a derrubada do novo decreto de IOF, que vai for\u00e7ar o governo a buscar outras fontes de receitas ou contingenciar mais gastos, \u00e9 quase um detalhe em meio \u00e0 guerra de narrativas pol\u00edticas.<\/p>\n<h3>\u201cN\u00f3s contra eles\u201d<\/h3>\n<p>Atordoado, o governo ensaiou tentar conter o tsunami que se formava ainda na madrugada e teve como epicentro um tu\u00edte de Motta quase \u00e0 meia-noite de ontem. Mas, no meio do dia, o Planalto e a Fazenda j\u00e1 haviam jogado a toalha e passaram a encampar o discurso de que o Congresso estaria buscando inviabilizar a agenda social eleita pelas urnas, alimentando a minorit\u00e1ria base governista de argumentos nessa dire\u00e7\u00e3o.<\/p>\n<p>A tese no governo, que tamb\u00e9m \u00e9 mencionada por integrantes do Parlamento, \u00e9 de que o Congresso quer tirar f\u00f4lego do Executivo e enfraquec\u00ea-lo at\u00e9 outubro de 2026, quando o pa\u00eds vai \u00e0s urnas.<\/p>\n<p>O discurso de ricos contra pobres j\u00e1 foi a t\u00f4nica do l\u00edder do governo, Jos\u00e9 Guimar\u00e3es, na tribuna da C\u00e2mara. Tamb\u00e9m foi o tom da ministra das Rela\u00e7\u00f5es Institucionais, Gleisi Hoffmann, do ministro da Fazenda, Fernando Haddad, e do pr\u00f3prio presidente Lula no Twitter. Sob essa l\u00f3gica, o governo tende a refor\u00e7ar o \u201cn\u00f3s contra eles\u201d, o discurso de \u201cricos contra pobres\u201d e de \u201cdefensores de privil\u00e9gios versus um projeto de emancipa\u00e7\u00e3o popular\u201d.<\/p>\n<h3>Narrativas e irrita\u00e7\u00f5es do Congresso<\/h3>\n<p>Curiosamente, esse processo j\u00e1 vinha ganhando forma nas \u00faltimas semanas, mas teve um desgaste mais relevante para o Congresso na semana passada e que foi um dos fatores elencados por parlamentares como motivadores da antecipa\u00e7\u00e3o do processo de vota\u00e7\u00e3o do PDL do IOF para essa quarta.<\/p>\n<p>Outro elemento de irrita\u00e7\u00e3o em parte dos parlamentares, em especial do Centr\u00e3o, era a tese de governistas de que a rebeli\u00e3o refletia a marcha ainda lenta no pagamento de emendas, a despeito de o processo de libera\u00e7\u00e3o desses recursos estar se intensificando.<\/p>\n<p>A tese dos deputados que impuseram a derrota ao governo passou a ser de que n\u00e3o haveria problema em cortar mais emendas por meio do contingenciamento e que o governo precisaria entender o recado de que n\u00e3o h\u00e1 mais espa\u00e7o para aumento de tributos e que \u00e9 preciso cortar gastos \u2014 ainda que nos \u00faltimos dias os congressistas estavam aprovando medidas como a amplia\u00e7\u00e3o no n\u00famero de cadeiras na C\u00e2mara.<\/p>\n<p>Para al\u00e9m da quest\u00e3o do ritmo de execu\u00e7\u00e3o, persiste um forte inc\u00f4modo no Parlamento com a agenda do ministro do STF, Flavio Dino, sobre as emendas, que ter\u00e1 um cap\u00edtulo importante nesta pr\u00f3xima sexta-feira. Como o <span class=\"jota\">JOTA<\/span> antecipou ontem, Hugo Motta e Davi Alcolumbre, al\u00e9m de outras lideran\u00e7as, devem participar pessoalmente do debate promovido pelo STF.<\/p>\n<h3>MP 1303 entra em risco de n\u00e3o ser renovada<\/h3>\n<p>Enquanto a vota\u00e7\u00e3o massacrante estava sendo conduzida por Motta no in\u00edcio da noite, a ministra Gleisi Hoffmann se reunia no Planalto com lideran\u00e7as do governo no Congresso e com o ministro da Fazenda, Fernando Haddad, para discutir os pr\u00f3ximos passos. A tend\u00eancia era deixar o ajuste para o pr\u00f3ximo relat\u00f3rio bimestral, em 22 de julho, mas esse cen\u00e1rio ainda poderia mudar.<\/p>\n<h3><a href=\"https:\/\/conteudo.jota.info\/marketing-lp-newsletter-jota-principal-lancamento\">Informa\u00e7\u00f5es direto ao ponto sobre o que realmente importa: assine gratuitamente a <span class=\"jota\">JOTA<\/span> Principal, a nova newsletter do <span class=\"jota\">JOTA<\/span><\/a><\/h3>\n<p>Entre as op\u00e7\u00f5es na mesa est\u00e3o um relat\u00f3rio extempor\u00e2neo de avalia\u00e7\u00e3o, antecipando os cortes nas despesas, inclusive nas emendas, ou mesmo um recurso ao STF, alternativas que, se adotadas, poderiam representar um acirramento do embate pol\u00edtico.<\/p>\n<p>Do outro lado, os parlamentares j\u00e1 davam ao governo sinaliza\u00e7\u00f5es de que a pr\u00f3pria MP 1303, que veio para compensar parte do recuo do IOF h\u00e1 duas semanas, pode ter vida mais curta que o normal. Os recados s\u00e3o de que ela poder\u00e1 n\u00e3o ter sua validade renovada ap\u00f3s 23 de agosto, algo que \u00e9 incomum e que pode se tornar um complicador grande para o envio do PLOA de 2026.<\/p>\n<h3>Motta se afasta mais do governo<\/h3>\n<p>Apesar de levar o governo a uma situa\u00e7\u00e3o quase vexat\u00f3ria, interlocutores de Hugo Motta dizem que o movimento dessa quarta n\u00e3o foi um gesto de rompimento com o Planalto. Aliados dele destacam que jamais foi sinalizado ao governo que a vota\u00e7\u00e3o do PDL seria em julho. E que, assim como o governo n\u00e3o o avisou da edi\u00e7\u00e3o do decreto do IOF, ele n\u00e3o se acha obrigado a avisar o governo sobre o que vai colocar na pauta, sobre a qual tem a prerrogativa de defini\u00e7\u00e3o.<\/p>\n<p>Cobrado por seus pares por conta das viagens que fez com Lula nos \u00faltimos meses, Motta tem tentado se desfazer da imagem de \u201cgovernista\u201d e se mostrar mais independente.<\/p>\n<p>Tamb\u00e9m irrita o presidente da C\u00e2mara a imagem propagada por alguns setores do governo e do Congresso de que ele \u00e9 inexperiente e fraco, tese que tem se amplificado para as redes sociais. Com o gesto dessa quarta, Motta buscou mostrar for\u00e7a e deixar claro que \u201cpode pautar o projeto que bem entender e quando quiser\u201d, destacou um interlocutor.<\/p>\n<p>O presidente da C\u00e2mara explicita tamb\u00e9m com seu gesto a irrita\u00e7\u00e3o geral do Congresso pelas cr\u00edticas \u00e0 derrubada dos vetos de Lula, em que a milit\u00e2ncia petista entrou em campo para dizer que o Congresso atuou para aumentar a conta de luz dos consumidores.<\/p>\n<h3>Haddad incomoda muita gente<\/h3>\n<p>Motta n\u00e3o s\u00f3 quer refor\u00e7ar um sinal de independ\u00eancia do governo, mas tamb\u00e9m evidencia um desgaste na rela\u00e7\u00e3o dele com Haddad pelo epis\u00f3dio do IOF e por conta do discurso de pobres x ricos que o ministro encampou, junto com o governo. Nas \u00faltimas semanas, o parlamentar tem ignorado telefonemas do chefe da Fazenda.<\/p>\n<p>O inc\u00f4modo com Haddad \u00e9 espalhado no Congresso e s\u00f3 n\u00e3o \u00e9 maior do que com o chefe da Casa Civil, Rui Costa. O problema do chefe da economia de Lula \u00e9 que no pr\u00f3prio governo o inc\u00f4modo voltou a crescer, tanto que, apesar de o Pal\u00e1cio ter sido avisado por l\u00edderes do Congresso pouco antes do tu\u00edte de Motta anunciando a vota\u00e7\u00e3o do PDL nessa quarta-feira, ningu\u00e9m levou o assunto a Haddad.<\/p>\n<p>Apesar da irrita\u00e7\u00e3o com a Fazenda, Motta tamb\u00e9m n\u00e3o atendeu \u00e0s liga\u00e7\u00f5es de Gleisi Hoffmann antes da vota\u00e7\u00e3o do m\u00e9rito do decreto do IOF. Interlocutores notam que o presidente da C\u00e2mara tem um hist\u00f3rico de relacionamento muito bom com Gleisi e com o deputado Lindbergh Farias (PT-RJ), l\u00edder do PT na C\u00e2mara, mas que dessa vez houve um distanciamento estrat\u00e9gico.<\/p>\n<h3>Centr\u00e3o mais abra\u00e7ado \u00e0 candidatura de oposi\u00e7\u00e3o<\/h3>\n<p>De um ponto de vista mais amplo, os mais recentes movimentos de Motta s\u00e3o pensados para mostrar que ele n\u00e3o \u00e9 um aliado do governo, mas presidente de um poder independente, cujo rumo pol\u00edtico est\u00e1 cada vez mais parecendo distante do Planalto \u2013 pelo menos enquanto a popularidade de Lula estiver baixa.<\/p>\n<p>A parte mais declaradamente oposicionista do centr\u00e3o est\u00e1 acelerando as articula\u00e7\u00f5es para uma candidatura de direita. O sonho \u00e9 ungir o governador de S\u00e3o Paulo, Tarc\u00edsio de Freitas, que ainda est\u00e1 no partido do presidente da C\u00e2mara. Como \u00e9 t\u00edpico desse grupo pol\u00edtico, o jogo \u00e9 trabalhar as op\u00e7\u00f5es. Por isso, assim como se derruba o IOF, Motta joga uma boia de salva\u00e7\u00e3o para o governo ao votar tamb\u00e9m a MP do Fundo Social, com a inclus\u00e3o do leil\u00e3o do petr\u00f3leo. \u00c9 uma piscadela para amenizar a dor da derrota pol\u00edtica e permitir uma reaproxima\u00e7\u00e3o mais \u00e0 frente, caso o governo recupere terreno junto \u00e0 popula\u00e7\u00e3o.<\/p>","protected":false},"excerpt":{"rendered":"<p>Ap\u00f3s humilha\u00e7\u00e3o no Congresso, governo mira 2026 e acirra \u201cricos contra pobres\u201d Passo mais claro para a elei\u00e7\u00e3o do pr\u00f3ximo ano foi dado pelo centr\u00e3o com derrubada antecipada do IOF; governo deve refor\u00e7ar embate sobre diferen\u00e7as de projetos pol\u00edticos, mas sem ruptura com o centr\u00e3o no curto prazo A surpreendente decis\u00e3o do presidente da C\u00e2mara, [&hellip;]<\/p>\n","protected":false},"author":0,"featured_media":0,"comment_status":"open","ping_status":"open","sticky":false,"template":"","format":"standard","meta":[],"categories":[1],"tags":[],"_links":{"self":[{"href":"https:\/\/aprimora.site\/carvalhoalmeidaadvogados\/wp-json\/wp\/v2\/posts\/12264"}],"collection":[{"href":"https:\/\/aprimora.site\/carvalhoalmeidaadvogados\/wp-json\/wp\/v2\/posts"}],"about":[{"href":"https:\/\/aprimora.site\/carvalhoalmeidaadvogados\/wp-json\/wp\/v2\/types\/post"}],"replies":[{"embeddable":true,"href":"https:\/\/aprimora.site\/carvalhoalmeidaadvogados\/wp-json\/wp\/v2\/comments?post=12264"}],"version-history":[{"count":0,"href":"https:\/\/aprimora.site\/carvalhoalmeidaadvogados\/wp-json\/wp\/v2\/posts\/12264\/revisions"}],"wp:attachment":[{"href":"https:\/\/aprimora.site\/carvalhoalmeidaadvogados\/wp-json\/wp\/v2\/media?parent=12264"}],"wp:term":[{"taxonomy":"category","embeddable":true,"href":"https:\/\/aprimora.site\/carvalhoalmeidaadvogados\/wp-json\/wp\/v2\/categories?post=12264"},{"taxonomy":"post_tag","embeddable":true,"href":"https:\/\/aprimora.site\/carvalhoalmeidaadvogados\/wp-json\/wp\/v2\/tags?post=12264"}],"curies":[{"name":"wp","href":"https:\/\/api.w.org\/{rel}","templated":true}]}}