{"id":12085,"date":"2025-06-18T18:22:38","date_gmt":"2025-06-18T21:22:38","guid":{"rendered":"https:\/\/aprimora.site\/carvalhoalmeidaadvogados\/2025\/06\/18\/o-que-diz-a-investigacao-sobre-a-abin-paralela-que-teve-sigilo-derrubado-por-moraes\/"},"modified":"2025-06-18T18:22:38","modified_gmt":"2025-06-18T21:22:38","slug":"o-que-diz-a-investigacao-sobre-a-abin-paralela-que-teve-sigilo-derrubado-por-moraes","status":"publish","type":"post","link":"https:\/\/aprimora.site\/carvalhoalmeidaadvogados\/2025\/06\/18\/o-que-diz-a-investigacao-sobre-a-abin-paralela-que-teve-sigilo-derrubado-por-moraes\/","title":{"rendered":"O que diz a investiga\u00e7\u00e3o sobre a \u2018Abin paralela\u2019, que teve sigilo derrubado por Moraes"},"content":{"rendered":"<p><span>O ministro <a href=\"https:\/\/www.jota.info\/tudo-sobre\/alexandre-de-moraes\">Alexandre de Moraes<\/a>, do Supremo Tribunal Federal (<a href=\"https:\/\/www.jota.info\/tudo-sobre\/stf\">STF<\/a>), derrubou nesta quarta-feira (18\/6) o sigilo sobre autos peti\u00e7\u00e3o 11.108, que trata da investiga\u00e7\u00e3o sobre o suposto uso da estrutura da Ag\u00eancia Brasileira de Intelig\u00eancia para o monitoramento ilegal de opositores do ent\u00e3o presidente Jair Bolsonaro (PL). Entre os indiciados no caso da \u201cAbin paralela\u201d est\u00e3o o filho do ex-presidente Carlos Bolsonaro (PL-RJ), o deputado federal Alexandre Ramagem (PL-RJ) e o atual diretor da Abin, Luiz Fernando C\u00f4rrea.<\/span><\/p>\n<h2><a href=\"https:\/\/conteudo.jota.info\/marketing-lp-newsletter-jota-principal-lancamento\">Informa\u00e7\u00f5es direto ao ponto sobre o que realmente importa: assine gratuitamente a <span class=\"jota\">JOTA<\/span> Principal, a nova newsletter do <span class=\"jota\">JOTA<\/span><\/a><\/h2>\n<p><span>Com isso, fica p\u00fablico o relat\u00f3rio final da Pol\u00edcia Federal (PF) sobre o caso. Moraes manteve o sigilo de documentos relacionados aos dados banc\u00e1rios e fiscais dos investigados. Veja a \u00edntegra do despacho aqui.<\/span><\/p>\n<p><span>Segundo o despacho, o ministro tomou a decis\u00e3o para \u201cevitar a continuidade de vazamentos seletivos e preju\u00edzo \u00e0 instru\u00e7\u00e3o processual\u201d. \u201cEm que pese o sigilo dos autos, lamentavelmente, vem ocorrendo in\u00fameros vazamentos seletivos de trechos do relat\u00f3rio apresentado pela autoridade policial, com mat\u00e9rias confusas, contradit\u00f3rias e err\u00f4neas na m\u00eddia\u201d, escreveu.\u00a0<\/span><\/p>\n<p><span>Nos \u00faltimos dois dias, ve\u00edculos de imprensa noticiaram trechos do relat\u00f3rio e indicaram o indiciamento de Jair Bolsonaro. No entanto, o nome do ex-presidente n\u00e3o consta entre os indiciados pois ele j\u00e1 responde por organiza\u00e7\u00e3o criminosa no processo sobre tentativa de golpe de estado, e, nele, j\u00e1 \u00e9 tratado o suposto uso ilegal da estrutura da Abin.\u00a0<\/span><\/p>\n<h2><a href=\"https:\/\/whatsapp.com\/channel\/0029VaFvFd73rZZflK7yGD0I\">Inscreva-se no canal de not\u00edcias do <span class=\"jota\">JOTA<\/span> no WhatsApp e fique por dentro das principais discuss\u00f5es do pa\u00eds!<\/a>\u00a0<span>\u00a0<\/span><\/h2>\n<p><span>Mesmo sem o indiciamento, o relat\u00f3rio da PF indica que o ex-presidente era \u201co principal destinat\u00e1rio do produto das a\u00e7\u00f5es clandestinas e da instrumentaliza\u00e7\u00e3o da Abin\u201d, e detalha como era a comunica\u00e7\u00e3o dele com o ent\u00e3o presidente da Abin e atual deputado, Alexandre Ramagem (PL).\u00a0<\/span><\/p>\n<p><span>\u201cEm rela\u00e7\u00e3o aos delitos de Organiza\u00e7\u00e3o Criminosa Armada Art. 2\u00ba, \u00a7\u00a7 2\u00ba e 4\u00ba, inciso II, da Lei n\u00ba 12.850\/2013) e Tentativa de Aboli\u00e7\u00e3o Violenta do Estado Democr\u00e1tico de Direito (Art. 359-L c\/c Art. 29 do C\u00f3digo Penal), considerando que j\u00e1 existe a\u00e7\u00e3o penal em curso, deixo de indiciar o investigado JAIR BOLSONARO, consignando a conduta caso haja outro entendimento\u201d, diz o documento assinado por Daniel Carvalho Brasil Nascimento, Delegado de Pol\u00edcia Federal da Divis\u00e3o de Opera\u00e7\u00f5es de Intelig\u00eancia Cibern\u00e9tica (DOIC\/CGCINT\/DIP\/PF).<\/span><\/p>\n<p><em>(Mais informa\u00e7\u00f5es em instantes).<\/em><\/p>","protected":false},"excerpt":{"rendered":"<p>O ministro Alexandre de Moraes, do Supremo Tribunal Federal (STF), derrubou nesta quarta-feira (18\/6) o sigilo sobre autos peti\u00e7\u00e3o 11.108, que trata da investiga\u00e7\u00e3o sobre o suposto uso da estrutura da Ag\u00eancia Brasileira de Intelig\u00eancia para o monitoramento ilegal de opositores do ent\u00e3o presidente Jair Bolsonaro (PL). Entre os indiciados no caso da \u201cAbin paralela\u201d [&hellip;]<\/p>\n","protected":false},"author":0,"featured_media":0,"comment_status":"open","ping_status":"open","sticky":false,"template":"","format":"standard","meta":[],"categories":[1],"tags":[],"_links":{"self":[{"href":"https:\/\/aprimora.site\/carvalhoalmeidaadvogados\/wp-json\/wp\/v2\/posts\/12085"}],"collection":[{"href":"https:\/\/aprimora.site\/carvalhoalmeidaadvogados\/wp-json\/wp\/v2\/posts"}],"about":[{"href":"https:\/\/aprimora.site\/carvalhoalmeidaadvogados\/wp-json\/wp\/v2\/types\/post"}],"replies":[{"embeddable":true,"href":"https:\/\/aprimora.site\/carvalhoalmeidaadvogados\/wp-json\/wp\/v2\/comments?post=12085"}],"version-history":[{"count":0,"href":"https:\/\/aprimora.site\/carvalhoalmeidaadvogados\/wp-json\/wp\/v2\/posts\/12085\/revisions"}],"wp:attachment":[{"href":"https:\/\/aprimora.site\/carvalhoalmeidaadvogados\/wp-json\/wp\/v2\/media?parent=12085"}],"wp:term":[{"taxonomy":"category","embeddable":true,"href":"https:\/\/aprimora.site\/carvalhoalmeidaadvogados\/wp-json\/wp\/v2\/categories?post=12085"},{"taxonomy":"post_tag","embeddable":true,"href":"https:\/\/aprimora.site\/carvalhoalmeidaadvogados\/wp-json\/wp\/v2\/tags?post=12085"}],"curies":[{"name":"wp","href":"https:\/\/api.w.org\/{rel}","templated":true}]}}