{"id":11960,"date":"2025-06-13T19:59:02","date_gmt":"2025-06-13T22:59:02","guid":{"rendered":"https:\/\/aprimora.site\/carvalhoalmeidaadvogados\/2025\/06\/13\/em-meio-a-discussao-sobre-corte-de-gastos-cupula-das-forcas-armadas-se-reune-com-hugo-motta\/"},"modified":"2025-06-13T19:59:02","modified_gmt":"2025-06-13T22:59:02","slug":"em-meio-a-discussao-sobre-corte-de-gastos-cupula-das-forcas-armadas-se-reune-com-hugo-motta","status":"publish","type":"post","link":"https:\/\/aprimora.site\/carvalhoalmeidaadvogados\/2025\/06\/13\/em-meio-a-discussao-sobre-corte-de-gastos-cupula-das-forcas-armadas-se-reune-com-hugo-motta\/","title":{"rendered":"Em meio \u00e0 discuss\u00e3o sobre corte de gastos, c\u00fapula das For\u00e7as Armadas se re\u00fane com Hugo Motta"},"content":{"rendered":"<p>O presidente da C\u00e2mara, Hugo Motta (Republicanos-PB), recebeu os comandantes das For\u00e7as Armadas, general Tom\u00e1s Paiva (Ex\u00e9rcito), almirante Marcos Olsen (Marinha) e o brigadeiro Marcelo Damasceno (For\u00e7a A\u00e9rea Brasileira), al\u00e9m do ministro Jos\u00e9 M\u00facio (Defesa), para uma reuni\u00e3o na quinta-feira (12\/6) na resid\u00eancia oficial da C\u00e2mara em Bras\u00edlia.<\/p>\n<h3><a href=\"https:\/\/conteudo.jota.info\/marketing-lp-newsletter-ultimas-noticias?utm_source=jota&amp;utm_medium=lp&amp;utm_campaign=23-09-2024-jota-lp-eleicoes-2024-eleicoes-2024-none-audiencias-none&amp;utm_content=eleicoes-2024&amp;utm_term=none\"><span>Assine gratuitamente a newsletter \u00daltimas Not\u00edcias do <span class=\"jota\">JOTA<\/span> e receba as principais not\u00edcias jur\u00eddicas e pol\u00edticas do dia no seu email<\/span><\/a><\/h3>\n<p>O encontro ocorre ap\u00f3s o ministro da Fazenda, Fernando Haddad, declarar a inten\u00e7\u00e3o de mexer na aposentadoria dos militares numa sa\u00edda de curto prazo para cortar gastos. Nesta semana, Haddad falou que o governo abrir\u00e1 uma discuss\u00e3o com o Congresso sobre cortes de gastos e pontuou que entre as discuss\u00f5es est\u00e3o o fim dos supersal\u00e1rios no funcionalismo e mudan\u00e7as nas aposentadorias dos militares.<\/p>\n<p>Ap\u00f3s a fala dele, a c\u00fapula das For\u00e7as Armadas procurou Motta para rejeitar qualquer possibilidade de novas altera\u00e7\u00f5es na previd\u00eancia militar, lembrou j\u00e1 terem tido altera\u00e7\u00f5es na previd\u00eancia e ainda fez um longo relato sobre a necessidade de n\u00e3o ter mais cortes no or\u00e7amento militar.<\/p>\n<p>Na reuni\u00e3o, os comandantes, inclusive, usaram o epis\u00f3dio do avi\u00e3o presidencial que deixou Lula sobrevoando por cinco horas no ar, no M\u00e9xico, no ano passado, para ilustrar os problemas que as For\u00e7as v\u00eam enfrentando com falta de recursos.<\/p>\n<p>Segundo relatos dos presentes, o brigadeiro Marcelo Damasceno contou que a FAB precisa, desde outubro, adquirir uma nova turbina para a aeronave presidencial que foi consertada no final do ano passado com uma turbina alugada, mas n\u00e3o h\u00e1 recursos para a compra.<\/p>","protected":false},"excerpt":{"rendered":"<p>O presidente da C\u00e2mara, Hugo Motta (Republicanos-PB), recebeu os comandantes das For\u00e7as Armadas, general Tom\u00e1s Paiva (Ex\u00e9rcito), almirante Marcos Olsen (Marinha) e o brigadeiro Marcelo Damasceno (For\u00e7a A\u00e9rea Brasileira), al\u00e9m do ministro Jos\u00e9 M\u00facio (Defesa), para uma reuni\u00e3o na quinta-feira (12\/6) na resid\u00eancia oficial da C\u00e2mara em Bras\u00edlia. Assine gratuitamente a newsletter \u00daltimas Not\u00edcias do [&hellip;]<\/p>\n","protected":false},"author":0,"featured_media":0,"comment_status":"open","ping_status":"open","sticky":false,"template":"","format":"standard","meta":[],"categories":[1],"tags":[],"_links":{"self":[{"href":"https:\/\/aprimora.site\/carvalhoalmeidaadvogados\/wp-json\/wp\/v2\/posts\/11960"}],"collection":[{"href":"https:\/\/aprimora.site\/carvalhoalmeidaadvogados\/wp-json\/wp\/v2\/posts"}],"about":[{"href":"https:\/\/aprimora.site\/carvalhoalmeidaadvogados\/wp-json\/wp\/v2\/types\/post"}],"replies":[{"embeddable":true,"href":"https:\/\/aprimora.site\/carvalhoalmeidaadvogados\/wp-json\/wp\/v2\/comments?post=11960"}],"version-history":[{"count":0,"href":"https:\/\/aprimora.site\/carvalhoalmeidaadvogados\/wp-json\/wp\/v2\/posts\/11960\/revisions"}],"wp:attachment":[{"href":"https:\/\/aprimora.site\/carvalhoalmeidaadvogados\/wp-json\/wp\/v2\/media?parent=11960"}],"wp:term":[{"taxonomy":"category","embeddable":true,"href":"https:\/\/aprimora.site\/carvalhoalmeidaadvogados\/wp-json\/wp\/v2\/categories?post=11960"},{"taxonomy":"post_tag","embeddable":true,"href":"https:\/\/aprimora.site\/carvalhoalmeidaadvogados\/wp-json\/wp\/v2\/tags?post=11960"}],"curies":[{"name":"wp","href":"https:\/\/api.w.org\/{rel}","templated":true}]}}