{"id":11854,"date":"2025-06-10T21:58:49","date_gmt":"2025-06-11T00:58:49","guid":{"rendered":"https:\/\/aprimora.site\/carvalhoalmeidaadvogados\/2025\/06\/10\/ex-ministro-da-defesa-bolsonaro-jamais-me-pressionou-sobre-relatorio-das-urnas\/"},"modified":"2025-06-10T21:58:49","modified_gmt":"2025-06-11T00:58:49","slug":"ex-ministro-da-defesa-bolsonaro-jamais-me-pressionou-sobre-relatorio-das-urnas","status":"publish","type":"post","link":"https:\/\/aprimora.site\/carvalhoalmeidaadvogados\/2025\/06\/10\/ex-ministro-da-defesa-bolsonaro-jamais-me-pressionou-sobre-relatorio-das-urnas\/","title":{"rendered":"Ex-ministro da defesa: Bolsonaro \u2018jamais me pressionou\u2019 sobre relat\u00f3rio das urnas"},"content":{"rendered":"<p>O ex-ministro da Defesa, general Paulo S\u00e9rgio Nogueira, come\u00e7ou o seu interrogat\u00f3rio no Supremo Tribunal Federal (<a href=\"http:\/\/www.jota.info\/tudo-sobre\/STF\">STF<\/a>) pedindo desculpas ao ministro <a href=\"https:\/\/www.jota.info\/tudo-sobre\/alexandre-de-moraes\">Alexandre de Moraes<\/a> sobre o \u201ctrato com palavras inadequadas\u201d durante a reuni\u00e3o ministerial de 5 de julho de 2022. Na \u00e9poca, o militar endossou a narrativa de fraude no sistema eletr\u00f4nico de vota\u00e7\u00e3o e afirmou que a Comiss\u00e3o de Transpar\u00eancia Eleitoral seria \u201cpra ingl\u00eas ver\u201d.<\/p>\n<p>Nogueira tamb\u00e9m disse que se sentia na \u201clinha de contato com o inimigo\u201d e que existia uma guerra, por isso, era necess\u00e1rio come\u00e7ar a opera\u00e7\u00e3o.<\/p>\n<h3><a href=\"https:\/\/www.jota.info\/produtos\/poder?utm_source=cta-site&amp;utm_medium=site&amp;utm_campaign=campanha_poder_q2&amp;utm_id=cta_texto_poder_q2_2023&amp;utm_term=cta_texto_poder&amp;utm_term=cta_texto_poder_meio_materias\">Conhe\u00e7a o <span class=\"jota\">JOTA<\/span> PRO Poder, plataforma de monitoramento que oferece transpar\u00eancia e previsibilidade para empresas<\/a><\/h3>\n<p>Sobre o relat\u00f3rio das urnas eleitorais que foi elaborado pelo Minist\u00e9rio da Defesa durante o governo de Jair Bolsonaro, Nogueira disse: \u201cO presidente da Rep\u00fablica jamais me pressionou, seja para mandar o relat\u00f3rio s\u00f3 no 2\u00ba turno, seja para alterar o relat\u00f3rio\u201d. Segundo o ex-ministro, o atraso na entrega se deu por problemas t\u00e9cnicos e que a equipe sugeriu melhorias entre o primeiro e o segundo turno.<\/p>\n<p>O ex-ministro da Defesa afirmou para Moraes que o objetivo do relat\u00f3rio das For\u00e7as Armadas sobre as urnas n\u00e3o era encontrar uma poss\u00edvel fraude nas elei\u00e7\u00f5es, mas sim fiscalizar todo o processo eleitoral. Afirmou ainda que tinha cr\u00edticas \u00e0 efetividade da Comiss\u00e3o de Transpar\u00eancia das Elei\u00e7\u00f5es (CTE) e que o di\u00e1logo com o Tribunal Superior Eleitoral (TSE) melhorou depois que Moraes se tornou presidente.<\/p>","protected":false},"excerpt":{"rendered":"<p>O ex-ministro da Defesa, general Paulo S\u00e9rgio Nogueira, come\u00e7ou o seu interrogat\u00f3rio no Supremo Tribunal Federal (STF) pedindo desculpas ao ministro Alexandre de Moraes sobre o \u201ctrato com palavras inadequadas\u201d durante a reuni\u00e3o ministerial de 5 de julho de 2022. Na \u00e9poca, o militar endossou a narrativa de fraude no sistema eletr\u00f4nico de vota\u00e7\u00e3o e [&hellip;]<\/p>\n","protected":false},"author":0,"featured_media":0,"comment_status":"open","ping_status":"open","sticky":false,"template":"","format":"standard","meta":[],"categories":[1],"tags":[],"_links":{"self":[{"href":"https:\/\/aprimora.site\/carvalhoalmeidaadvogados\/wp-json\/wp\/v2\/posts\/11854"}],"collection":[{"href":"https:\/\/aprimora.site\/carvalhoalmeidaadvogados\/wp-json\/wp\/v2\/posts"}],"about":[{"href":"https:\/\/aprimora.site\/carvalhoalmeidaadvogados\/wp-json\/wp\/v2\/types\/post"}],"replies":[{"embeddable":true,"href":"https:\/\/aprimora.site\/carvalhoalmeidaadvogados\/wp-json\/wp\/v2\/comments?post=11854"}],"version-history":[{"count":0,"href":"https:\/\/aprimora.site\/carvalhoalmeidaadvogados\/wp-json\/wp\/v2\/posts\/11854\/revisions"}],"wp:attachment":[{"href":"https:\/\/aprimora.site\/carvalhoalmeidaadvogados\/wp-json\/wp\/v2\/media?parent=11854"}],"wp:term":[{"taxonomy":"category","embeddable":true,"href":"https:\/\/aprimora.site\/carvalhoalmeidaadvogados\/wp-json\/wp\/v2\/categories?post=11854"},{"taxonomy":"post_tag","embeddable":true,"href":"https:\/\/aprimora.site\/carvalhoalmeidaadvogados\/wp-json\/wp\/v2\/tags?post=11854"}],"curies":[{"name":"wp","href":"https:\/\/api.w.org\/{rel}","templated":true}]}}