{"id":11832,"date":"2025-06-10T13:58:38","date_gmt":"2025-06-10T16:58:38","guid":{"rendered":"https:\/\/aprimora.site\/carvalhoalmeidaadvogados\/2025\/06\/10\/general-heleno-fica-em-silencio-nas-perguntas-de-moraes-e-responde-apenas-a-sua-defesa\/"},"modified":"2025-06-10T13:58:38","modified_gmt":"2025-06-10T16:58:38","slug":"general-heleno-fica-em-silencio-nas-perguntas-de-moraes-e-responde-apenas-a-sua-defesa","status":"publish","type":"post","link":"https:\/\/aprimora.site\/carvalhoalmeidaadvogados\/2025\/06\/10\/general-heleno-fica-em-silencio-nas-perguntas-de-moraes-e-responde-apenas-a-sua-defesa\/","title":{"rendered":"General Heleno fica em sil\u00eancio nas perguntas de Moraes e responde apenas a sua defesa"},"content":{"rendered":"<p>O advogado do general Augusto Heleno, Matheus Milanez, informou no in\u00edcio do interrogat\u00f3rio no Supremo Tribunal Federal (STF) que o r\u00e9u permaneceria \u201cparcialmente em sil\u00eancio\u201d e responderia apenas \u00e0s perguntas da defesa. Dessa forma, o militar n\u00e3o respondeu \u00e0s perguntas do relator, Alexandre de Moraes, nem do ministro Luiz Fux, nem do procurador-geral da Rep\u00fablica, Paulo Gonet.<\/p>\n<h3><a href=\"https:\/\/www.jota.info\/produtos\/poder?utm_source=cta-site&amp;utm_medium=site&amp;utm_campaign=campanha_poder_q2&amp;utm_id=cta_texto_poder_q2_2023&amp;utm_term=cta_texto_poder&amp;utm_term=cta_texto_poder_meio_materias\">Conhe\u00e7a o <span class=\"jota\">JOTA<\/span> PRO Poder, plataforma de monitoramento que oferece transpar\u00eancia e previsibilidade para empresas<\/a><\/h3>\n<p>Contudo, Moraes fez as perguntas, e Heleno ficou em sil\u00eancio. O militar fez declara\u00e7\u00f5es apenas ao seu advogado, criando assim, a sua pr\u00f3pria narrativa dos fatos, sem contradi\u00e7\u00f5es.<\/p>\n<p>\u201cO presidente Bolsonaro colocou que ia jogar dentro das 4 linhas e eu segui rigorosamente\u201d, disse Augusto Heleno. O militar afirmou que \u201cnunca levou assuntos pol\u00edticos\u201d enquanto era chefe do Gabinete de Seguran\u00e7a Institucional (GSI). Para ele, a acusa\u00e7\u00e3o de politiza\u00e7\u00e3o no GSI \u201cn\u00e3o tem o menor fundamento\u201d.<\/p>\n<p>O militar tamb\u00e9m disse que havia preocupa\u00e7\u00e3o que o GSI fosse encarado e fosse sentido como \u201corganiza\u00e7\u00e3o apol\u00edtica e apartid\u00e1ria\u201d. Em rela\u00e7\u00e3o \u00e0s urnas eletr\u00f4nicas, o general disse que sempre foi a favor do voto impresso e que \u201co problema de fraudes em urnas eletr\u00f4nicas \u00e9 no mundo inteiro\u201d.<\/p>\n<p>Sobre a derrota de Jair Bolsonaro nas urnas, Heleno disse que \u201ctinha que aceitar, n\u00e3o tinha outra solu\u00e7\u00e3o\u201d e que \u201cn\u00e3o tinha nem tempo [para disseminar desinforma\u00e7\u00e3o]\u201d. Em rela\u00e7\u00e3o ao 8 de janeiro, disse que estava em casa e soube dos ataques pela imprensa.<\/p>\n<p>Heleno disse que n\u00e3o sabia nem ouviu falar do Plano Punhal Verde e Amarelo \u2013 que previa a morte do presidente Luiz In\u00e1cio Lula da Silva, o vice, Geraldo Alckmin, e do ministro Alexandre de Moraes, al\u00e9m da institui\u00e7\u00e3o de um novo governo em que Heleno seria o chefe do gabinete de transi\u00e7\u00e3o. Heleno tamb\u00e9m negou que teve contato com a minuta de golpe. O militar\u00a0\u00e9 o quinto r\u00e9u a ser interrogado no STF.<\/p>","protected":false},"excerpt":{"rendered":"<p>O advogado do general Augusto Heleno, Matheus Milanez, informou no in\u00edcio do interrogat\u00f3rio no Supremo Tribunal Federal (STF) que o r\u00e9u permaneceria \u201cparcialmente em sil\u00eancio\u201d e responderia apenas \u00e0s perguntas da defesa. Dessa forma, o militar n\u00e3o respondeu \u00e0s perguntas do relator, Alexandre de Moraes, nem do ministro Luiz Fux, nem do procurador-geral da Rep\u00fablica, [&hellip;]<\/p>\n","protected":false},"author":0,"featured_media":0,"comment_status":"open","ping_status":"open","sticky":false,"template":"","format":"standard","meta":[],"categories":[1],"tags":[],"_links":{"self":[{"href":"https:\/\/aprimora.site\/carvalhoalmeidaadvogados\/wp-json\/wp\/v2\/posts\/11832"}],"collection":[{"href":"https:\/\/aprimora.site\/carvalhoalmeidaadvogados\/wp-json\/wp\/v2\/posts"}],"about":[{"href":"https:\/\/aprimora.site\/carvalhoalmeidaadvogados\/wp-json\/wp\/v2\/types\/post"}],"replies":[{"embeddable":true,"href":"https:\/\/aprimora.site\/carvalhoalmeidaadvogados\/wp-json\/wp\/v2\/comments?post=11832"}],"version-history":[{"count":0,"href":"https:\/\/aprimora.site\/carvalhoalmeidaadvogados\/wp-json\/wp\/v2\/posts\/11832\/revisions"}],"wp:attachment":[{"href":"https:\/\/aprimora.site\/carvalhoalmeidaadvogados\/wp-json\/wp\/v2\/media?parent=11832"}],"wp:term":[{"taxonomy":"category","embeddable":true,"href":"https:\/\/aprimora.site\/carvalhoalmeidaadvogados\/wp-json\/wp\/v2\/categories?post=11832"},{"taxonomy":"post_tag","embeddable":true,"href":"https:\/\/aprimora.site\/carvalhoalmeidaadvogados\/wp-json\/wp\/v2\/tags?post=11832"}],"curies":[{"name":"wp","href":"https:\/\/api.w.org\/{rel}","templated":true}]}}