{"id":11800,"date":"2025-06-09T15:58:39","date_gmt":"2025-06-09T18:58:39","guid":{"rendered":"https:\/\/aprimora.site\/carvalhoalmeidaadvogados\/2025\/06\/09\/stj-ordena-suspensao-da-greve-dos-auditores-da-receita-federal-e-fixa-multa-de-r-500-mil-por-descumprimento\/"},"modified":"2025-06-09T15:58:39","modified_gmt":"2025-06-09T18:58:39","slug":"stj-ordena-suspensao-da-greve-dos-auditores-da-receita-federal-e-fixa-multa-de-r-500-mil-por-descumprimento","status":"publish","type":"post","link":"https:\/\/aprimora.site\/carvalhoalmeidaadvogados\/2025\/06\/09\/stj-ordena-suspensao-da-greve-dos-auditores-da-receita-federal-e-fixa-multa-de-r-500-mil-por-descumprimento\/","title":{"rendered":"STJ ordena suspens\u00e3o da greve dos auditores da Receita Federal e fixa multa de R$ 500 mil por descumprimento"},"content":{"rendered":"<p>O movimento dos auditores fiscais come\u00e7ou em novembro de 2024 e, segundo a Uni\u00e3o, tem prejudicado servi\u00e7os essenciais ao financiamento das pol\u00edticas p\u00fablicas.<\/p>","protected":false},"excerpt":{"rendered":"<p>O movimento dos auditores fiscais come\u00e7ou em novembro de 2024 e, segundo a Uni\u00e3o, tem prejudicado servi\u00e7os essenciais ao financiamento das pol\u00edticas p\u00fablicas.<\/p>\n","protected":false},"author":0,"featured_media":0,"comment_status":"open","ping_status":"open","sticky":false,"template":"","format":"standard","meta":[],"categories":[1],"tags":[],"_links":{"self":[{"href":"https:\/\/aprimora.site\/carvalhoalmeidaadvogados\/wp-json\/wp\/v2\/posts\/11800"}],"collection":[{"href":"https:\/\/aprimora.site\/carvalhoalmeidaadvogados\/wp-json\/wp\/v2\/posts"}],"about":[{"href":"https:\/\/aprimora.site\/carvalhoalmeidaadvogados\/wp-json\/wp\/v2\/types\/post"}],"replies":[{"embeddable":true,"href":"https:\/\/aprimora.site\/carvalhoalmeidaadvogados\/wp-json\/wp\/v2\/comments?post=11800"}],"version-history":[{"count":0,"href":"https:\/\/aprimora.site\/carvalhoalmeidaadvogados\/wp-json\/wp\/v2\/posts\/11800\/revisions"}],"wp:attachment":[{"href":"https:\/\/aprimora.site\/carvalhoalmeidaadvogados\/wp-json\/wp\/v2\/media?parent=11800"}],"wp:term":[{"taxonomy":"category","embeddable":true,"href":"https:\/\/aprimora.site\/carvalhoalmeidaadvogados\/wp-json\/wp\/v2\/categories?post=11800"},{"taxonomy":"post_tag","embeddable":true,"href":"https:\/\/aprimora.site\/carvalhoalmeidaadvogados\/wp-json\/wp\/v2\/tags?post=11800"}],"curies":[{"name":"wp","href":"https:\/\/api.w.org\/{rel}","templated":true}]}}