{"id":11783,"date":"2025-06-09T06:58:19","date_gmt":"2025-06-09T09:58:19","guid":{"rendered":"https:\/\/aprimora.site\/carvalhoalmeidaadvogados\/2025\/06\/09\/audiencia-publica-no-stj-vai-discutir-se-planos-de-saude-devem-cobrir-bomba-de-insulina-para-pacientes-com-diabetes\/"},"modified":"2025-06-09T06:58:19","modified_gmt":"2025-06-09T09:58:19","slug":"audiencia-publica-no-stj-vai-discutir-se-planos-de-saude-devem-cobrir-bomba-de-insulina-para-pacientes-com-diabetes","status":"publish","type":"post","link":"https:\/\/aprimora.site\/carvalhoalmeidaadvogados\/2025\/06\/09\/audiencia-publica-no-stj-vai-discutir-se-planos-de-saude-devem-cobrir-bomba-de-insulina-para-pacientes-com-diabetes\/","title":{"rendered":"Audi\u00eancia p\u00fablica no STJ vai discutir se planos de sa\u00fade devem cobrir bomba de insulina para pacientes com diabetes"},"content":{"rendered":"<p>Sess\u00e3o foi marcada para o dia 18 de agosto. Debates v\u00e3o auxiliar julgamento do tema sob o rito dos recursos especiais repetitivos.<\/p>","protected":false},"excerpt":{"rendered":"<p>Sess\u00e3o foi marcada para o dia 18 de agosto. Debates v\u00e3o auxiliar julgamento do tema sob o rito dos recursos especiais repetitivos.<\/p>\n","protected":false},"author":0,"featured_media":0,"comment_status":"open","ping_status":"open","sticky":false,"template":"","format":"standard","meta":[],"categories":[1],"tags":[],"_links":{"self":[{"href":"https:\/\/aprimora.site\/carvalhoalmeidaadvogados\/wp-json\/wp\/v2\/posts\/11783"}],"collection":[{"href":"https:\/\/aprimora.site\/carvalhoalmeidaadvogados\/wp-json\/wp\/v2\/posts"}],"about":[{"href":"https:\/\/aprimora.site\/carvalhoalmeidaadvogados\/wp-json\/wp\/v2\/types\/post"}],"replies":[{"embeddable":true,"href":"https:\/\/aprimora.site\/carvalhoalmeidaadvogados\/wp-json\/wp\/v2\/comments?post=11783"}],"version-history":[{"count":0,"href":"https:\/\/aprimora.site\/carvalhoalmeidaadvogados\/wp-json\/wp\/v2\/posts\/11783\/revisions"}],"wp:attachment":[{"href":"https:\/\/aprimora.site\/carvalhoalmeidaadvogados\/wp-json\/wp\/v2\/media?parent=11783"}],"wp:term":[{"taxonomy":"category","embeddable":true,"href":"https:\/\/aprimora.site\/carvalhoalmeidaadvogados\/wp-json\/wp\/v2\/categories?post=11783"},{"taxonomy":"post_tag","embeddable":true,"href":"https:\/\/aprimora.site\/carvalhoalmeidaadvogados\/wp-json\/wp\/v2\/tags?post=11783"}],"curies":[{"name":"wp","href":"https:\/\/api.w.org\/{rel}","templated":true}]}}