{"id":11767,"date":"2025-06-07T08:07:36","date_gmt":"2025-06-07T11:07:36","guid":{"rendered":"https:\/\/aprimora.site\/carvalhoalmeidaadvogados\/2025\/06\/07\/luiz-fux-suspende-julgamento-bilionario-sobre-lucros-de-controladas-no-exterior\/"},"modified":"2025-06-07T08:07:36","modified_gmt":"2025-06-07T11:07:36","slug":"luiz-fux-suspende-julgamento-bilionario-sobre-lucros-de-controladas-no-exterior","status":"publish","type":"post","link":"https:\/\/aprimora.site\/carvalhoalmeidaadvogados\/2025\/06\/07\/luiz-fux-suspende-julgamento-bilionario-sobre-lucros-de-controladas-no-exterior\/","title":{"rendered":"Luiz Fux suspende julgamento bilion\u00e1rio sobre lucros de controladas no exterior"},"content":{"rendered":"<p>O ministro <a href=\"https:\/\/www.jota.info\/tudo-sobre\/luiz-fux\">Luiz Fux<\/a>, do Supremo Tribunal Federal (<a href=\"https:\/\/www.jota.info\/tudo-sobre\/stf\">STF<\/a>), pediu vista nesta sexta-feira (6\/6) e suspendeu o julgamento sobre a possibilidade de tributa\u00e7\u00e3o, no Brasil, do lucro de controladas e coligadas no exterior. Pouco antes, o ministro Nunes Marques proferiu voto-vista acompanhando a diverg\u00eancia. Com isso, o placar est\u00e1 em 3 a 1 a favor da cobran\u00e7a de Imposto de Renda Pessoa Jur\u00eddica (<a href=\"https:\/\/www.jota.info\/tributos\/irpj-entenda-o-que-e-como-funciona-e-como-e-calculado\">IRPJ<\/a>) e da Contribui\u00e7\u00e3o Social sobre\u00a0<span class=\"il\">Lucro<\/span>\u00a0L\u00edquido (<a href=\"https:\/\/www.jota.info\/opiniao-e-analise\/artigos\/csll-o-que-e\">CSLL<\/a>)nestes casos.<\/p>\n<p>\u00c9 a quarta vez que a discuss\u00e3o do caso \u00e9 suspensa por pedidos de vista no Supremo, que come\u00e7ou a analis\u00e1-lo em maio de 2024. N\u00e3o h\u00e1 data para retomada do julgamento do RE 870214.<\/p>\n<h3><a href=\"https:\/\/www.jota.info\/produtos\/tributos?utm_source=cta-site&amp;utm_medium=site&amp;utm_campaign=campanha_tributos_q2&amp;utm_id=cta_texto_tributos_q2_2023&amp;utm_term=cta_texto_tributos&amp;utm_term=cta_texto_tributos_meio_materias\">Esta reportagem foi antecipada a assinantes <span class=\"jota\">JOTA<\/span> PRO Tributos em 6\/6. Conhe\u00e7a a plataforma do <span class=\"jota\">JOTA<\/span> de monitoramento tribut\u00e1rio para empresas e escrit\u00f3rios, que traz decis\u00f5es e movimenta\u00e7\u00f5es do Carf, STJ e STF<\/a><\/h3>\n<p>O relator, ministro <a href=\"https:\/\/www.jota.info\/tudo-sobre\/andre-mendonca\">Andr\u00e9 Mendon\u00e7a<\/a>, foi o \u00fanico, at\u00e9 ent\u00e3o, a votar de forma favor\u00e1vel aos contribuintes, afastando a tributa\u00e7\u00e3o. Gilmar Mendes abriu a diverg\u00eancia. Entendeu que a tributa\u00e7\u00e3o \u00e9 constitucional, considerando que os lucros pertencem \u00e0 companhia nacional. Ele foi acompanhado por Alexandre de Moraes e Nunes Marques.<\/p>\n<p>O caso n\u00e3o tem repercuss\u00e3o geral reconhecida. Contudo, o governo o acompanha de perto pelo relevante precedente a ser formado a partir do julgamento. A Receita calcula um risco fiscal de R$ 22 bilh\u00f5es em caso de derrota, de acordo com dados da Lei de Diretrizes Or\u00e7ament\u00e1rias (LDO) de 2025. Fontes pr\u00f3ximas ao tema, por\u00e9m, estimam que o impacto possa ser maior.<\/p>\n<h3><a href=\"https:\/\/conteudo.jota.info\/marketing-lp-newsletter-jota-principal-lancamento\">Informa\u00e7\u00f5es direto ao ponto sobre o que realmente importa: assine gratuitamente a <span class=\"jota\">JOTA<\/span> Principal, a nova newsletter do <span class=\"jota\">JOTA<\/span><\/a><\/h3>\n<p>No\u00a0<span class=\"il\">processo<\/span>\u00a0no\u00a0<span class=\"il\">STF<\/span>, a Vale tenta afastar a incid\u00eancia do IRPJ e da CSLL\u00a0sobre o resultado de coligadas e\u00a0<span class=\"il\">controladas<\/span>\u00a0da empresa na B\u00e9lgica, na Dinamarca e em Luxemburgo. A medida, na vis\u00e3o da mineradora, evitaria a dupla tributa\u00e7\u00e3o.<\/p>","protected":false},"excerpt":{"rendered":"<p>O ministro Luiz Fux, do Supremo Tribunal Federal (STF), pediu vista nesta sexta-feira (6\/6) e suspendeu o julgamento sobre a possibilidade de tributa\u00e7\u00e3o, no Brasil, do lucro de controladas e coligadas no exterior. Pouco antes, o ministro Nunes Marques proferiu voto-vista acompanhando a diverg\u00eancia. Com isso, o placar est\u00e1 em 3 a 1 a favor [&hellip;]<\/p>\n","protected":false},"author":0,"featured_media":0,"comment_status":"open","ping_status":"open","sticky":false,"template":"","format":"standard","meta":[],"categories":[1],"tags":[],"_links":{"self":[{"href":"https:\/\/aprimora.site\/carvalhoalmeidaadvogados\/wp-json\/wp\/v2\/posts\/11767"}],"collection":[{"href":"https:\/\/aprimora.site\/carvalhoalmeidaadvogados\/wp-json\/wp\/v2\/posts"}],"about":[{"href":"https:\/\/aprimora.site\/carvalhoalmeidaadvogados\/wp-json\/wp\/v2\/types\/post"}],"replies":[{"embeddable":true,"href":"https:\/\/aprimora.site\/carvalhoalmeidaadvogados\/wp-json\/wp\/v2\/comments?post=11767"}],"version-history":[{"count":0,"href":"https:\/\/aprimora.site\/carvalhoalmeidaadvogados\/wp-json\/wp\/v2\/posts\/11767\/revisions"}],"wp:attachment":[{"href":"https:\/\/aprimora.site\/carvalhoalmeidaadvogados\/wp-json\/wp\/v2\/media?parent=11767"}],"wp:term":[{"taxonomy":"category","embeddable":true,"href":"https:\/\/aprimora.site\/carvalhoalmeidaadvogados\/wp-json\/wp\/v2\/categories?post=11767"},{"taxonomy":"post_tag","embeddable":true,"href":"https:\/\/aprimora.site\/carvalhoalmeidaadvogados\/wp-json\/wp\/v2\/tags?post=11767"}],"curies":[{"name":"wp","href":"https:\/\/api.w.org\/{rel}","templated":true}]}}