{"id":11461,"date":"2025-06-02T06:46:38","date_gmt":"2025-06-02T09:46:38","guid":{"rendered":"https:\/\/aprimora.site\/carvalhoalmeidaadvogados\/2025\/06\/02\/agendas-esg-e-ods-se-encontram-na-cop30\/"},"modified":"2025-06-02T06:46:38","modified_gmt":"2025-06-02T09:46:38","slug":"agendas-esg-e-ods-se-encontram-na-cop30","status":"publish","type":"post","link":"https:\/\/aprimora.site\/carvalhoalmeidaadvogados\/2025\/06\/02\/agendas-esg-e-ods-se-encontram-na-cop30\/","title":{"rendered":"Agendas ESG e ODS se encontram na COP30"},"content":{"rendered":"<p><span>\u00c0 medida que o mundo se aproxima da <a href=\"https:\/\/www.jota.info\/tudo-sobre\/cop30\">COP30<\/a>, o alinhamento entre ESG e ODS se apresenta como um imperativo estrat\u00e9gico para construir uma economia verdadeiramente sustent\u00e1vel, resiliente e capaz de responder aos desafios do Acordo de Paris e do s\u00e9culo 21, tendo o Brasil como o anfitri\u00e3o, respons\u00e1vel por dar o \u201ctom certo\u201d a esses debates que buscam solu\u00e7\u00f5es vi\u00e1veis para a crise clim\u00e1tica.<\/span><\/p>\n<p><span>A 30\u00aa Confer\u00eancia das Partes ou Confer\u00eancia da ONU para a Mudan\u00e7a do Clima, a COP30, \u00e9 um espa\u00e7o de negocia\u00e7\u00e3o global que define marcos e diretrizes mundiais para a transi\u00e7\u00e3o de baixo carbono.<\/span><\/p>\n<h3><a href=\"https:\/\/conteudo.jota.info\/marketing-lp-newsletter-jota-principal\">Informa\u00e7\u00f5es direto ao ponto sobre o que realmente importa: assine gratuitamente a <span class=\"jota\">JOTA<\/span> Principal, a nova newsletter do <span class=\"jota\">JOTA<\/span><\/a><\/h3>\n<p><span>Enquanto os crit\u00e9rios ESG constituem boas pr\u00e1ticas ambientais, sociais e de governan\u00e7a, os Objetivos de Desenvolvimento Sustent\u00e1veis (ODS) atuam como guias estrat\u00e9gicos para que as empresas alinhem suas opera\u00e7\u00f5es diante da nova realidade ambiental e social que vivemos.<\/span><\/p>\n<p><span>A poss\u00edvel converg\u00eancia das agendas ESG, ODS e COP30 pode se constituir em uma ferramenta poderosa para atingir um mundo mais justo, inclusivo e ambientalmente sustent\u00e1vel.\u00a0<\/span><\/p>\n<p><span>No epicentro da sustentabilidade vive-se um momento cr\u00edtico imposto pelos impactos das mudan\u00e7as clim\u00e1ticas e pelas crescentes demandas por sustentabilidade de diferentes atores p\u00fablicos e privados dentro do novo redesenho da geopol\u00edtica mundial.<\/span><\/p>\n<p><span>Agrega-se a esses fatores a expectativa em torno dos resultados da COP30, que ocorrer\u00e1 em novembro, na cidade de Bel\u00e9m (PA), em um contexto capaz de integrar essas tr\u00eas agendas internacionais, esperando que os pa\u00edses participantes exponham metas tang\u00edveis e compromisso genu\u00edno para limitar o aquecimento global.<\/span><\/p>\n<p><span>O fato de o ESG orientar empresas e investidores a repensar estrat\u00e9gias diante dos riscos e oportunidades socioambientais e os ODS definirem como promover um desenvolvimento sustent\u00e1vel e inclusivo evidenciam que, para enfrentar a crise clim\u00e1tica, interesses corporativos e pol\u00edticas p\u00fablicas precisam ser entendidos de forma sin\u00e9rgica, ampliando o impacto positivo de cada a\u00e7\u00e3o em um f\u00f3rum mundial.<\/span><\/p>\n<p><span>A despeito de o prazo dos ODS se encerrar em 2030, muitas metas podem, e devem, ser alcan\u00e7adas de forma escalonada, com acompanhamentos regulares, conforme os desafios regionais e avan\u00e7os tecnol\u00f3gicos. Essa din\u00e2mica de monitoramento e adapta\u00e7\u00e3o \u00e9 essencial para garantir que, ao se aproximar do prazo estabelecido, os ODS continuem a ser avaliados de forma consistente para mensurar se os esfor\u00e7os obtidos t\u00eam consist\u00eancia e impactos para todos os stakeholders (partes interessadas).<\/span><\/p>\n<p><span>A converg\u00eancia entre ESG, ODS e COP 30 tem como ponto de liga\u00e7\u00e3o a inova\u00e7\u00e3o e a transfoma\u00e7\u00e3o dos modelos tradicionais de neg\u00f3cios. Em um cen\u00e1rio onde as exig\u00eancias dos stakeholders por transpar\u00eancia, \u00e9tica e responsabilidade social aumentam, a COP30 pode catalisar mudan\u00e7as e incentivar a ado\u00e7\u00e3o de novas pr\u00e1ticas ESG em coliga\u00e7\u00e3o com os ODS no n\u00edvel dos Estados participantes, com reflexos nas empresas e nas mais diferentes comunidades de todo o mundo.<\/span><\/p>\n<p><span>Tamb\u00e9m pode ser uma oportunidade para influir em um redesenho das pr\u00e1ticas de governan\u00e7a e gest\u00e3o, a partir da consolida\u00e7\u00e3o de uma cultura de participa\u00e7\u00e3o ativa e transparente. No futuro, poderemos ver planos de a\u00e7\u00e3o que mergulhem a fundo na realidade das demandas das partes interessadas, promovendo mudan\u00e7as significativas que v\u00e3o al\u00e9m de promessas e declara\u00e7\u00f5es.\u00a0<\/span><\/p>\n<p><span>Nesse sentido, as corpora\u00e7\u00f5es ter\u00e3o que ir al\u00e9m do cumprimento meramente simb\u00f3lico dessas agendas, assimilando crit\u00e9rios de sustentabilidade de forma integrada e mensur\u00e1vel em suas estrat\u00e9gias. A COP30, ou \u201cCOP das Florestas\u201d, como vem sendo denominada, n\u00e3o simbolizar\u00e1 apenas o compromisso global com o meio ambiente, mas tamb\u00e9m coloca em pr\u00e1tica a necessidade urgente de a\u00e7\u00f5es que ajudem a concretizar o desenvolvimento sustent\u00e1vel em todos os n\u00edveis, como antecipar prazos para atingir emiss\u00f5es l\u00edquidas zero e acelerar o financiamento da agenda clim\u00e1tica, voltada a reunir recursos para a\u00e7\u00f5es de adapta\u00e7\u00e3o ou mitiga\u00e7\u00e3o do clima para os pa\u00edses mais vulner\u00e1veis.<\/span><\/p>\n<p><span>A integra\u00e7\u00e3o fortalece o papel dos investidores e de outros agentes econ\u00f4micos na demanda de uma governan\u00e7a mais robusta, capaz de lidar com os impactos das mudan\u00e7as clim\u00e1ticas e de quest\u00f5es sociais emergentes. Esse movimento tamb\u00e9m impulsiona a ado\u00e7\u00e3o de m\u00e9tricas e indicadores que permitam acompanhar a efic\u00e1cia das a\u00e7\u00f5es implementadas, promovendo um ciclo virtuoso de aprendizado e aprimoramento cont\u00ednuo na gest\u00e3o de riscos e oportunidades.\u00a0<\/span><\/p>\n<p><span>N\u00e3o \u00e0 toa que o engajamento multissetorial, em forma de mutir\u00e3o global foi evocado, em mar\u00e7o, na primeira carta enviada \u00e0 comunidade internacional pelo embaixador Andr\u00e9 Corr\u00eaa do Lago, presidente da COP30. N\u00e3o faltam exemplos de que o setor produtivo tem entendido que a sustentabilidade e a economia circular s\u00e3o boas para os neg\u00f3cios. <\/span><\/p>\n<p><span>A empresa norte-americana Enphase Energy \u00e9 uma das dez mais sustent\u00e1veis do mundo, com consistentes m\u00e9tricas ESG e redu\u00e7\u00e3o de CO2 em alinhamento com os ODS. Suas opera\u00e7\u00f5es abrangem da pesquisa \u00e0 distribui\u00e7\u00e3o de energia solar, passando por armazenamento, tecnologias facilitadoras e otimiza\u00e7\u00e3o deste tipo de energia limpa. <\/span><\/p>\n<p><span>A empresa relatou que reciclou 100% dos res\u00edduos perigosos e definiu metas de emiss\u00f5es de gases de efeito estufa (GEE) de Escopo 2 e 3.<\/span><span> E, no Brasil , segundo pesquisa da C\u00e2mara Americana de Com\u00e9rcio (Amcham), que ouviu 401 empres\u00e1rios que respondem por faturamento de R$ 2,9 trilh\u00f5es anuais, 76% empresas adotam pr\u00e1ticas sustent\u00e1veis, um crescimento de 5 pontos percentuais em rela\u00e7\u00e3o a 2024.<\/span><\/p>\n<p><span>Atender \u00e0s exig\u00eancias globais emergentes, como a redu\u00e7\u00e3o de emiss\u00f5es, o desenvolvimento de mercados de carbono e a implementa\u00e7\u00e3o de uma taxonomia sustent\u00e1vel, vem se consolidando como um caminho sem volta na trajet\u00f3ria de transi\u00e7\u00e3o energ\u00e9tica do mundo. Esses elementos refor\u00e7am a necessidade de que as organiza\u00e7\u00f5es se adaptem \u00e0s mudan\u00e7as regulat\u00f3rias, promovendo um ambiente de neg\u00f3cios resiliente e competitivo.\u00a0<\/span><\/p>\n<p><span>Neste sentido, a COP30 pode atuar como um catalisador para o desenvolvimento e aplica\u00e7\u00e3o de medidas regulat\u00f3rias. As empresas que integram pr\u00e1ticas ESG tendem a se sair melhor, porque j\u00e1 incorporam crit\u00e9rios que podem mitigar riscos clim\u00e1ticos, melhorar a transpar\u00eancia e fortalecer a governan\u00e7a interna. <\/span><\/p>\n<p><span>Essa converg\u00eancia \u00e9 estrat\u00e9gica para o fortalecimento dos mercados financeiros, j\u00e1 que os investidores est\u00e3o cada vez mais atentos a indicadores de sustentabilidade e a riscos associados \u00e0s mudan\u00e7as clim\u00e1ticas, o que pode resultar em maior acesso \u00e0 capital e a uma competitividade ampliada no mercado global.<\/span><\/p>\n<h3><a href=\"https:\/\/www.jota.info\/produtos\/poder?utm_source=cta-site&amp;utm_medium=site&amp;utm_campaign=campanha_poder_q2&amp;utm_id=cta_texto_poder_q2_2023&amp;utm_term=cta_texto_poder&amp;utm_term=cta_texto_poder_meio_materias\"><span>Conhe\u00e7a o <span class=\"jota\">JOTA<\/span> PRO Poder, plataforma de monitoramento que oferece transpar\u00eancia e previsibilidade para empresas<\/span><\/a><\/h3>\n<p><span>A intera\u00e7\u00e3o tamb\u00e9m impulsiona a inova\u00e7\u00e3o, estimulando o desenvolvimento de tecnologias e modelos de neg\u00f3cio que facilitam a transi\u00e7\u00e3o para a economia de baixo carbono. A COP30 poder\u00e1 refor\u00e7ar compromissos globais e evidenciar oportunidades para que empresas e governos trabalhem em conjunto para criar solu\u00e7\u00f5es que promovam impactos socioambientais positivos, consolidando o papel do ESG como componente essencial de estrat\u00e9gias corporativas e pol\u00edticas p\u00fablicas sustent\u00e1veis.<\/span><\/p>\n<p><span>No espa\u00e7o da COP30, as interliga\u00e7\u00f5es entre ESG e ODS ganham novas formas de escuta, capazes de narrar crises, mas tamb\u00e9m apontar solu\u00e7\u00f5es, mediante um movimento global de converg\u00eancia em dire\u00e7\u00e3o a pr\u00e1ticas mais respons\u00e1veis e de longo prazo. Ser\u00e1 uma nova forma de coletar e interpretar dados e opini\u00f5es sobre sustentabilidade em busca de uma resposta global. <\/span><\/p>\n<p><span>Paralelamente, f\u00f3runs colaborativos abrem espa\u00e7o para que comunidades, cientistas, representantes de minorias e especialistas de diversas \u00e1reas dialoguem de forma horizontal, permitindo que propostas se alinhem ao n\u00facleo oficial, de maneira genu\u00edna para somar as demandas dos diversos atores sociais. Esse movimento n\u00e3o s\u00f3 amplia a legitimidade dos processos decis\u00f3rios, mas tamb\u00e9m engrandece a compreens\u00e3o dos impactos a curto, m\u00e9dio e longo prazos das quest\u00f5es ambientais e sociais do planeta.<\/span><\/p>","protected":false},"excerpt":{"rendered":"<p>\u00c0 medida que o mundo se aproxima da COP30, o alinhamento entre ESG e ODS se apresenta como um imperativo estrat\u00e9gico para construir uma economia verdadeiramente sustent\u00e1vel, resiliente e capaz de responder aos desafios do Acordo de Paris e do s\u00e9culo 21, tendo o Brasil como o anfitri\u00e3o, respons\u00e1vel por dar o \u201ctom certo\u201d a [&hellip;]<\/p>\n","protected":false},"author":0,"featured_media":0,"comment_status":"open","ping_status":"open","sticky":false,"template":"","format":"standard","meta":[],"categories":[1],"tags":[],"_links":{"self":[{"href":"https:\/\/aprimora.site\/carvalhoalmeidaadvogados\/wp-json\/wp\/v2\/posts\/11461"}],"collection":[{"href":"https:\/\/aprimora.site\/carvalhoalmeidaadvogados\/wp-json\/wp\/v2\/posts"}],"about":[{"href":"https:\/\/aprimora.site\/carvalhoalmeidaadvogados\/wp-json\/wp\/v2\/types\/post"}],"replies":[{"embeddable":true,"href":"https:\/\/aprimora.site\/carvalhoalmeidaadvogados\/wp-json\/wp\/v2\/comments?post=11461"}],"version-history":[{"count":0,"href":"https:\/\/aprimora.site\/carvalhoalmeidaadvogados\/wp-json\/wp\/v2\/posts\/11461\/revisions"}],"wp:attachment":[{"href":"https:\/\/aprimora.site\/carvalhoalmeidaadvogados\/wp-json\/wp\/v2\/media?parent=11461"}],"wp:term":[{"taxonomy":"category","embeddable":true,"href":"https:\/\/aprimora.site\/carvalhoalmeidaadvogados\/wp-json\/wp\/v2\/categories?post=11461"},{"taxonomy":"post_tag","embeddable":true,"href":"https:\/\/aprimora.site\/carvalhoalmeidaadvogados\/wp-json\/wp\/v2\/tags?post=11461"}],"curies":[{"name":"wp","href":"https:\/\/api.w.org\/{rel}","templated":true}]}}