{"id":11390,"date":"2025-05-29T16:31:18","date_gmt":"2025-05-29T19:31:18","guid":{"rendered":"https:\/\/aprimora.site\/carvalhoalmeidaadvogados\/2025\/05\/29\/stj-realiza-simposio-internacional-sobre-justica-e-mudancas-climaticas-nos-dias-3-e-4-de-junho\/"},"modified":"2025-05-29T16:31:18","modified_gmt":"2025-05-29T19:31:18","slug":"stj-realiza-simposio-internacional-sobre-justica-e-mudancas-climaticas-nos-dias-3-e-4-de-junho","status":"publish","type":"post","link":"https:\/\/aprimora.site\/carvalhoalmeidaadvogados\/2025\/05\/29\/stj-realiza-simposio-internacional-sobre-justica-e-mudancas-climaticas-nos-dias-3-e-4-de-junho\/","title":{"rendered":"STJ realiza simp\u00f3sio internacional sobre Justi\u00e7a e mudan\u00e7as clim\u00e1ticas nos dias 3 e 4 de junho"},"content":{"rendered":"<p>STJ realiza simp\u00f3sio internacional sobre Justi\u00e7a e mudan\u00e7as clim\u00e1ticas nos dias 3 e 4 de junho<\/p>","protected":false},"excerpt":{"rendered":"<p>STJ realiza simp\u00f3sio internacional sobre Justi\u00e7a e mudan\u00e7as clim\u00e1ticas nos dias 3 e 4 de junho<\/p>\n","protected":false},"author":0,"featured_media":0,"comment_status":"open","ping_status":"open","sticky":false,"template":"","format":"standard","meta":[],"categories":[1],"tags":[],"_links":{"self":[{"href":"https:\/\/aprimora.site\/carvalhoalmeidaadvogados\/wp-json\/wp\/v2\/posts\/11390"}],"collection":[{"href":"https:\/\/aprimora.site\/carvalhoalmeidaadvogados\/wp-json\/wp\/v2\/posts"}],"about":[{"href":"https:\/\/aprimora.site\/carvalhoalmeidaadvogados\/wp-json\/wp\/v2\/types\/post"}],"replies":[{"embeddable":true,"href":"https:\/\/aprimora.site\/carvalhoalmeidaadvogados\/wp-json\/wp\/v2\/comments?post=11390"}],"version-history":[{"count":0,"href":"https:\/\/aprimora.site\/carvalhoalmeidaadvogados\/wp-json\/wp\/v2\/posts\/11390\/revisions"}],"wp:attachment":[{"href":"https:\/\/aprimora.site\/carvalhoalmeidaadvogados\/wp-json\/wp\/v2\/media?parent=11390"}],"wp:term":[{"taxonomy":"category","embeddable":true,"href":"https:\/\/aprimora.site\/carvalhoalmeidaadvogados\/wp-json\/wp\/v2\/categories?post=11390"},{"taxonomy":"post_tag","embeddable":true,"href":"https:\/\/aprimora.site\/carvalhoalmeidaadvogados\/wp-json\/wp\/v2\/tags?post=11390"}],"curies":[{"name":"wp","href":"https:\/\/api.w.org\/{rel}","templated":true}]}}