{"id":11364,"date":"2025-05-28T21:32:02","date_gmt":"2025-05-29T00:32:02","guid":{"rendered":"https:\/\/aprimora.site\/carvalhoalmeidaadvogados\/2025\/05\/28\/jota-discute-a-importancia-do-convenio-icms-01-99-na-saude\/"},"modified":"2025-05-28T21:32:02","modified_gmt":"2025-05-29T00:32:02","slug":"jota-discute-a-importancia-do-convenio-icms-01-99-na-saude","status":"publish","type":"post","link":"https:\/\/aprimora.site\/carvalhoalmeidaadvogados\/2025\/05\/28\/jota-discute-a-importancia-do-convenio-icms-01-99-na-saude\/","title":{"rendered":"JOTA discute a import\u00e2ncia do Conv\u00eanio ICMS 01\/99 na Sa\u00fade"},"content":{"rendered":"<p><span>O setor da Sa\u00fade ter\u00e1 preju\u00edzos significativos caso o Conv\u00eanio ICMS 01\/99 n\u00e3o seja renovado em julho deste ano. A isen\u00e7\u00e3o do imposto nas opera\u00e7\u00f5es com equipamentos e insumos destinados \u00e0 presta\u00e7\u00e3o de servi\u00e7os de sa\u00fade est\u00e1 em vigor h\u00e1 25 anos, com impacto direto na sustentabilidade financeira de cl\u00ednicas, hospitais e operadoras, al\u00e9m de afetar a forma\u00e7\u00e3o de pre\u00e7os e o acesso da popula\u00e7\u00e3o a servi\u00e7os essenciais.<\/span><\/p>\n<p><span>Os detalhes sobre as expectativas do setor ser\u00e3o expostos no webinar organizado pelo <\/span><span class=\"jota\">JOTA<\/span><span> no dia 05 de junho, \u00e0s 10h.<\/span><\/p>\n<p><span>O evento ter\u00e1 patroc\u00ednio da Alian\u00e7a Brasileira da Ind\u00fastria Inovadora em Sa\u00fade (Abiis), Associa\u00e7\u00e3o Brasileira da Ind\u00fastria de Tecnologia para Sa\u00fade (Abimed), Associa\u00e7\u00e3o Brasileira da Ind\u00fastria de Dispositivos M\u00e9dicos (Abimo), e Associa\u00e7\u00e3o Brasileira de Importadores e Distribuidores de Produtos para Sa\u00fade (Abraidi).<\/span><\/p>\n<p><span>Participam do debate Haroldo da Silva, vice-presidente do Conselho Regional de Economia de S\u00e3o Paulo (Corecon-SP), Bruno Sobral, diretor-executivo da Federa\u00e7\u00e3o Nacional de Sa\u00fade Suplementar (FenaSa\u00fade), e Francisco Balestrin, presidente da Federa\u00e7\u00e3o dos Hospitais, Cl\u00ednicas, Casas de Sa\u00fade (FeSa\u00fade-SP).<\/span><\/p>\n<p><span>O bate-papo online ser\u00e1 transmitido ao vivo no YouTube com cobertura no site do <span class=\"jota\">JOTA<\/span>.<\/span><\/p>\n<p><a href=\"https:\/\/conteudo.jota.info\/26-05-2025-rdstation-lp-webinar-abiiis-lead-evento-projetos-projetos\" target=\"_blank\" rel=\"noopener\"><span>Inscreva-se e receba um alerta antes do encontro.<\/span><\/a><\/p>","protected":false},"excerpt":{"rendered":"<p>O setor da Sa\u00fade ter\u00e1 preju\u00edzos significativos caso o Conv\u00eanio ICMS 01\/99 n\u00e3o seja renovado em julho deste ano. A isen\u00e7\u00e3o do imposto nas opera\u00e7\u00f5es com equipamentos e insumos destinados \u00e0 presta\u00e7\u00e3o de servi\u00e7os de sa\u00fade est\u00e1 em vigor h\u00e1 25 anos, com impacto direto na sustentabilidade financeira de cl\u00ednicas, hospitais e operadoras, al\u00e9m de [&hellip;]<\/p>\n","protected":false},"author":0,"featured_media":0,"comment_status":"open","ping_status":"open","sticky":false,"template":"","format":"standard","meta":[],"categories":[1],"tags":[],"_links":{"self":[{"href":"https:\/\/aprimora.site\/carvalhoalmeidaadvogados\/wp-json\/wp\/v2\/posts\/11364"}],"collection":[{"href":"https:\/\/aprimora.site\/carvalhoalmeidaadvogados\/wp-json\/wp\/v2\/posts"}],"about":[{"href":"https:\/\/aprimora.site\/carvalhoalmeidaadvogados\/wp-json\/wp\/v2\/types\/post"}],"replies":[{"embeddable":true,"href":"https:\/\/aprimora.site\/carvalhoalmeidaadvogados\/wp-json\/wp\/v2\/comments?post=11364"}],"version-history":[{"count":0,"href":"https:\/\/aprimora.site\/carvalhoalmeidaadvogados\/wp-json\/wp\/v2\/posts\/11364\/revisions"}],"wp:attachment":[{"href":"https:\/\/aprimora.site\/carvalhoalmeidaadvogados\/wp-json\/wp\/v2\/media?parent=11364"}],"wp:term":[{"taxonomy":"category","embeddable":true,"href":"https:\/\/aprimora.site\/carvalhoalmeidaadvogados\/wp-json\/wp\/v2\/categories?post=11364"},{"taxonomy":"post_tag","embeddable":true,"href":"https:\/\/aprimora.site\/carvalhoalmeidaadvogados\/wp-json\/wp\/v2\/tags?post=11364"}],"curies":[{"name":"wp","href":"https:\/\/api.w.org\/{rel}","templated":true}]}}