{"id":11339,"date":"2025-05-28T08:10:13","date_gmt":"2025-05-28T11:10:13","guid":{"rendered":"https:\/\/aprimora.site\/carvalhoalmeidaadvogados\/2025\/05\/28\/deputados-aprovam-projetos-para-diagnostico-e-tratamento-de-tea\/"},"modified":"2025-05-28T08:10:13","modified_gmt":"2025-05-28T11:10:13","slug":"deputados-aprovam-projetos-para-diagnostico-e-tratamento-de-tea","status":"publish","type":"post","link":"https:\/\/aprimora.site\/carvalhoalmeidaadvogados\/2025\/05\/28\/deputados-aprovam-projetos-para-diagnostico-e-tratamento-de-tea\/","title":{"rendered":"Deputados aprovam projetos para diagn\u00f3stico e tratamento de TEA"},"content":{"rendered":"<p>A Comiss\u00e3o de Defesa dos Direitos das Pessoas com Defici\u00eancia (CPD) da C\u00e2mara aprovou, nesta ter\u00e7a-feira (27\/5), duas propostas que beneficiam pessoas no Transtorno do Espectro Autista (<a href=\"https:\/\/www.jota.info\/tudo-sobre\/tea\">TEA<\/a>). Ambas foram relatadas pelo deputado Z\u00e9 Haroldo Cathedral (PSD-RR).<\/p>\n<p>O Projeto de Lei (PL) 1589\/2024, que estabelece prazo de 60 dias para o in\u00edcio do tratamento ap\u00f3s diagn\u00f3stico de TEA, foi aprovado integralmente. A proposta tramita em car\u00e1ter conclusivo pelas comiss\u00f5es e, agora, deve passar pela Comiss\u00e3o de Constitui\u00e7\u00e3o e Justi\u00e7a e de Cidadania e pela Comiss\u00e3o de Sa\u00fade.<\/p>\n<h3><a href=\"https:\/\/www.jota.info\/produtos\/saude?utm_source=cta-site&amp;utm_medium=site&amp;utm_campaign=campanha_saude_q2&amp;utm_id=cta_texto_saude_q2_2023&amp;utm_term=cta_texto_saude&amp;utm_term=cta_texto_saude_meio_materias\">Com not\u00edcias da Anvisa e da ANS, o <span class=\"jota\">JOTA<\/span> PRO Sa\u00fade entrega previsibilidade e transpar\u00eancia para empresas do setor<\/a><\/h3>\n<p>Durante a leitura do voto, o relator ressaltou a possibilidade de redu\u00e7\u00e3o de custos a longo prazo, pois crian\u00e7as que recebem tratamento precoce tendem a precisar de menos servi\u00e7os especializados no futuro e t\u00eam maior chance de uma vida<br \/>\neconomicamente produtiva, tornando o investimento inicial eficaz.<\/p>\n<p>J\u00e1 o PL 473\/2023, sobre a utiliza\u00e7\u00e3o do m\u00e9todo ABA no Sistema \u00danico de Sa\u00fade (SUS), foi aprovado na forma de um substitutivo. Ao ler o voto, o deputado Cathedral destacou que terapias baseadas no m\u00e9todo ABA j\u00e1 s\u00e3o indicadas para aplica\u00e7\u00e3o no SUS desde 2016 conforme indica\u00e7\u00e3o da equipe respons\u00e1vel por cada paciente e seguindo as diretrizes dos Protocolos Cl\u00ednicos e Diretrizes Terap\u00eauticas (PCDT). Dessa forma, ele optou por modificar a reda\u00e7\u00e3o do projeto de lei que passa a contemplar, de forma geral, a garantia de acesso \u00e0s terapias baseadas em evid\u00eancias para TEA, inclusive o m\u00e9todo ABA.<\/p>\n<p>A ideia \u00e9 que a lei possa se adequar a eventuais novas interven\u00e7\u00f5es e n\u00e3o ficar \u201cengessada\u201d em terapias que podem ser superadas por inova\u00e7\u00f5es posteriores. O texto tamb\u00e9m condiciona a aplica\u00e7\u00e3o no SUS \u00e0 regulamenta\u00e7\u00e3o pelo Minist\u00e9rio da Sa\u00fade e avalia\u00e7\u00e3o da Comiss\u00e3o Nacional de Incorpora\u00e7\u00e3o de Tecnologias (Conitec). O deputado tamb\u00e9m ressaltou que as mudan\u00e7as na reda\u00e7\u00e3o da proposta devem sanar eventuais v\u00edcios de iniciativa, quando um dos poderes invade a compet\u00eancia de outro, mantendo a decis\u00e3o final sobre a delibera\u00e7\u00e3o de tratamentos no poder executivo.<\/p>\n<p>O relator tamb\u00e9m mencionou a necessidade de aumentar os incentivos para a aplica\u00e7\u00e3o do ABA e garantir um n\u00famero adequado de vagas, sugerindo o envio de parte da mat\u00e9ria como uma \u201cindica\u00e7\u00e3o\u201d ao Minist\u00e9rio da Sa\u00fade.<\/p>\n<h3>Outras proposi\u00e7\u00f5es<\/h3>\n<p>Outras proposi\u00e7\u00f5es de sa\u00fade tamb\u00e9m foram aprovadas pela CPD nesta ter\u00e7a, com altera\u00e7\u00f5es:<\/p>\n<p>PL 1224\/2019, do Senado Federal, que altera o Estatuto da Pessoa com Defici\u00eancia para prever a\u00e7\u00f5es de monitoramento e acompanhamento que assegurem \u00e0s crian\u00e7as e adolescentes com defici\u00eancia acesso priorit\u00e1rio a \u00f3rteses, pr\u00f3teses e tecnologias assistivas;<br \/>\nPL 1497\/2022, sobre incluir as pessoas com diagn\u00f3stico de disfun\u00e7\u00f5es linf\u00e1ticas prim\u00e1ria ou secund\u00e1ria como pessoas com defici\u00eancia (PCD);<br \/>\nPL 6231\/2019, que altera a Lei n\u00ba 12.715\/2012 para tornar permanentes o Programa Nacional de Apoio \u00e0 Aten\u00e7\u00e3o Oncol\u00f3gica (Pronon) e o Programa Nacional de Apoio \u00e0 Aten\u00e7\u00e3o da Sa\u00fade da Pessoa com Defici\u00eancia (Pronas\/PCD).<\/p>","protected":false},"excerpt":{"rendered":"<p>A Comiss\u00e3o de Defesa dos Direitos das Pessoas com Defici\u00eancia (CPD) da C\u00e2mara aprovou, nesta ter\u00e7a-feira (27\/5), duas propostas que beneficiam pessoas no Transtorno do Espectro Autista (TEA). Ambas foram relatadas pelo deputado Z\u00e9 Haroldo Cathedral (PSD-RR). O Projeto de Lei (PL) 1589\/2024, que estabelece prazo de 60 dias para o in\u00edcio do tratamento ap\u00f3s [&hellip;]<\/p>\n","protected":false},"author":0,"featured_media":0,"comment_status":"open","ping_status":"open","sticky":false,"template":"","format":"standard","meta":[],"categories":[1],"tags":[],"_links":{"self":[{"href":"https:\/\/aprimora.site\/carvalhoalmeidaadvogados\/wp-json\/wp\/v2\/posts\/11339"}],"collection":[{"href":"https:\/\/aprimora.site\/carvalhoalmeidaadvogados\/wp-json\/wp\/v2\/posts"}],"about":[{"href":"https:\/\/aprimora.site\/carvalhoalmeidaadvogados\/wp-json\/wp\/v2\/types\/post"}],"replies":[{"embeddable":true,"href":"https:\/\/aprimora.site\/carvalhoalmeidaadvogados\/wp-json\/wp\/v2\/comments?post=11339"}],"version-history":[{"count":0,"href":"https:\/\/aprimora.site\/carvalhoalmeidaadvogados\/wp-json\/wp\/v2\/posts\/11339\/revisions"}],"wp:attachment":[{"href":"https:\/\/aprimora.site\/carvalhoalmeidaadvogados\/wp-json\/wp\/v2\/media?parent=11339"}],"wp:term":[{"taxonomy":"category","embeddable":true,"href":"https:\/\/aprimora.site\/carvalhoalmeidaadvogados\/wp-json\/wp\/v2\/categories?post=11339"},{"taxonomy":"post_tag","embeddable":true,"href":"https:\/\/aprimora.site\/carvalhoalmeidaadvogados\/wp-json\/wp\/v2\/tags?post=11339"}],"curies":[{"name":"wp","href":"https:\/\/api.w.org\/{rel}","templated":true}]}}