{"id":11240,"date":"2025-05-23T17:47:10","date_gmt":"2025-05-23T20:47:10","guid":{"rendered":"https:\/\/aprimora.site\/carvalhoalmeidaadvogados\/2025\/05\/23\/alcolumbre-quer-retomar-aumento-de-mandato-de-senadores-na-pec-do-fim-da-reeleicao\/"},"modified":"2025-05-23T17:47:10","modified_gmt":"2025-05-23T20:47:10","slug":"alcolumbre-quer-retomar-aumento-de-mandato-de-senadores-na-pec-do-fim-da-reeleicao","status":"publish","type":"post","link":"https:\/\/aprimora.site\/carvalhoalmeidaadvogados\/2025\/05\/23\/alcolumbre-quer-retomar-aumento-de-mandato-de-senadores-na-pec-do-fim-da-reeleicao\/","title":{"rendered":"Alcolumbre quer retomar aumento de mandato de senadores na PEC do fim da reelei\u00e7\u00e3o"},"content":{"rendered":"<p>O presidente do Senado, <a href=\"https:\/\/www.jota.info\/tudo-sobre\/davi-alcolumbre\">Davi Alcolumbre<\/a> (Uni\u00e3o-AP), atua nos bastidores para retomar o aumento do mandato dos senadores na proposta de emenda \u00e0 Constitui\u00e7\u00e3o (PEC) que <a href=\"https:\/\/www.jota.info\/legislativo\/ccj-do-senado-aprova-fim-da-reeleicao-para-chefes-do-executivo-e-mandatos-de-5-anos\">determina o fim da reelei\u00e7\u00e3o<\/a> para chefes do Poder Executivo, a PEC 12\/2022. O <strong><span class=\"jota\">JOTA<\/span><\/strong> apurou que a ideia \u00e9 recuperar o trecho do texto que eleva o mandato de oito para dez anos.<\/p>\n<p>A <a href=\"https:\/\/www.jota.info\/legislativo\/ccj-do-senado-aprova-fim-da-reeleicao-para-chefes-do-executivo-e-mandatos-de-5-anos\">PEC foi aprovada<\/a> pela Comiss\u00e3o de Constitui\u00e7\u00e3o e Justi\u00e7a (CCJ) na \u00faltima quarta-feira (21\/5). Um acordo de \u00faltima hora, ap\u00f3s resist\u00eancia da oposi\u00e7\u00e3o, fez com que o relator, senador Marcelo Castro (MDB-PI), alterasse o texto para reduzir o mandato de oito para cinco anos, com in\u00edcio em 2034. Antes, entretanto, o texto ampliava o mandato para dez anos \u2013 conte\u00fado que Alcolumbre planeja recuperar no texto.<\/p>\n<h3><a href=\"https:\/\/www.jota.info\/produtos\/poder?utm_source=cta-site&amp;utm_medium=site&amp;utm_campaign=campanha_poder_q2&amp;utm_id=cta_texto_poder_q2_2023&amp;utm_term=cta_texto_poder&amp;utm_term=cta_texto_poder_meio_materias\"><span>Conhe\u00e7a o <span class=\"jota\">JOTA<\/span> PRO Poder, plataforma de monitoramento que oferece transpar\u00eancia e previsibilidade para empresas<\/span><\/a><\/h3>\n<p>Senadores do centr\u00e3o e da base governista e at\u00e9 lideran\u00e7as da oposi\u00e7\u00e3o apoiam a ideia. Por outro lado, alguns parlamentares da oposi\u00e7\u00e3o argumentam que aumentar o mandato seria legislar em causa pr\u00f3pria.<\/p>\n<p>Alcolumbre j\u00e1 sinalizou que tem a pretens\u00e3o de pautar a PEC na pr\u00f3xima semana. A expectativa \u00e9 que o texto seja analisado at\u00e9 junho. Se aprovado, ser\u00e1 enviado para a C\u00e2mara.<\/p>\n<h3><strong>O que diz o texto<\/strong><\/h3>\n<p>De autoria do senador Jorge Kajuru (Podemos-GO), a proposta estabelece o fim da reelei\u00e7\u00e3o para prefeitos eleitos em primeiro mandato em 2028 e para presidentes e governadores eleitos em primeiro mandato em 2030.<\/p>\n<p>A partir de 2034, o texto prop\u00f5e a coincid\u00eancia das datas das elei\u00e7\u00f5es gerais e municipais e fixa em cinco anos a dura\u00e7\u00e3o da legislatura e os mandatos para todos os cargos. Al\u00e9m disso, os prefeitos eleitos em 2028 j\u00e1 n\u00e3o poder\u00e3o mais se reeleger, mas ter\u00e3o mandato de seis anos, e os pr\u00f3ximos, de cinco anos.<\/p>","protected":false},"excerpt":{"rendered":"<p>O presidente do Senado, Davi Alcolumbre (Uni\u00e3o-AP), atua nos bastidores para retomar o aumento do mandato dos senadores na proposta de emenda \u00e0 Constitui\u00e7\u00e3o (PEC) que determina o fim da reelei\u00e7\u00e3o para chefes do Poder Executivo, a PEC 12\/2022. O JOTA apurou que a ideia \u00e9 recuperar o trecho do texto que eleva o mandato [&hellip;]<\/p>\n","protected":false},"author":0,"featured_media":0,"comment_status":"open","ping_status":"open","sticky":false,"template":"","format":"standard","meta":[],"categories":[1],"tags":[],"_links":{"self":[{"href":"https:\/\/aprimora.site\/carvalhoalmeidaadvogados\/wp-json\/wp\/v2\/posts\/11240"}],"collection":[{"href":"https:\/\/aprimora.site\/carvalhoalmeidaadvogados\/wp-json\/wp\/v2\/posts"}],"about":[{"href":"https:\/\/aprimora.site\/carvalhoalmeidaadvogados\/wp-json\/wp\/v2\/types\/post"}],"replies":[{"embeddable":true,"href":"https:\/\/aprimora.site\/carvalhoalmeidaadvogados\/wp-json\/wp\/v2\/comments?post=11240"}],"version-history":[{"count":0,"href":"https:\/\/aprimora.site\/carvalhoalmeidaadvogados\/wp-json\/wp\/v2\/posts\/11240\/revisions"}],"wp:attachment":[{"href":"https:\/\/aprimora.site\/carvalhoalmeidaadvogados\/wp-json\/wp\/v2\/media?parent=11240"}],"wp:term":[{"taxonomy":"category","embeddable":true,"href":"https:\/\/aprimora.site\/carvalhoalmeidaadvogados\/wp-json\/wp\/v2\/categories?post=11240"},{"taxonomy":"post_tag","embeddable":true,"href":"https:\/\/aprimora.site\/carvalhoalmeidaadvogados\/wp-json\/wp\/v2\/tags?post=11240"}],"curies":[{"name":"wp","href":"https:\/\/api.w.org\/{rel}","templated":true}]}}