{"id":11137,"date":"2025-05-20T15:44:27","date_gmt":"2025-05-20T18:44:27","guid":{"rendered":"https:\/\/aprimora.site\/carvalhoalmeidaadvogados\/?p=11137"},"modified":"2025-05-20T15:44:27","modified_gmt":"2025-05-20T18:44:27","slug":"trabalhadora-que-alega-fraude-na-contratacao-tera-seu-processo-reanalisado-na-vt-de-origem","status":"publish","type":"post","link":"https:\/\/aprimora.site\/carvalhoalmeidaadvogados\/2025\/05\/20\/trabalhadora-que-alega-fraude-na-contratacao-tera-seu-processo-reanalisado-na-vt-de-origem\/","title":{"rendered":"Trabalhadora que alega fraude na contrata\u00e7\u00e3o ter\u00e1 seu processo reanalisado na VT de origem"},"content":{"rendered":"<p><span>Trabalhadora que alega fraude na contrata\u00e7\u00e3o ter\u00e1 seu processo reanalisado na VT de origem<\/span><\/p>\n<div>  <a href=\"https:\/\/trt15.jus.br\/noticia\/2025\/trabalhadora-que-alega-fraude-na-contratacao-tera-seu-processo-reanalisado-na-vt-de\"><\/a>\n<\/div>\n<p><span><span>anasiqueira<\/span><\/span><\/p>\n<p><span>Ter, 20\/05\/2025 &#8211; 12:44<\/span><\/p>\n<div>\n<div>Trabalhadora que alega fraude na contrata\u00e7\u00e3o ter\u00e1 seu processo reanalisado na VT de origem<\/div>\n<\/div>\n<div>\n<div class=\"visually-hidden\">Conte\u00fado da Not\u00edcia<\/div>\n<div>\n<p>A 5\u00aa C\u00e2mara do Tribunal Regional do Trabalho da 15\u00aa Regi\u00e3o deu provimento ao recurso de uma trabalhadora contratada como prestadora de servi\u00e7os, mas que afirma ter atuado como banc\u00e1ria com v\u00ednculo trabalhista em atividades comuns da institui\u00e7\u00e3o financeira. O colegiado declarou a compet\u00eancia da Justi\u00e7a do Trabalho para processar e julgar a a\u00e7\u00e3o e determinou o retorno dos autos ao Ju\u00edzo da Vara do Trabalho de Salto, que havia encerrado o processo alegando a incompet\u00eancia da Justi\u00e7a do Trabalho por entender que o caso se tratava de contrato de natureza civil.<\/p>\n<p>Segundo alegou a trabalhadora, ela foi admitida em 13\/4\/2022 pela primeira reclamada (uma institui\u00e7\u00e3o financeira), mediante \u201co ficto \u2018contrato de presta\u00e7\u00e3o de servi\u00e7os\u2019 celebrado com a segunda reclamada (uma corretora de seguros)\u201d, mas que na realidade prestou servi\u00e7os exclusivamente ao banco, \u201cde forma ininterrupta e sob sua subordina\u00e7\u00e3o jur\u00eddica, sendo dispensada em 9\/9\/2022\u201d. Durante o per\u00edodo em que trabalhou, realizava \u201ctarefas t\u00edpicas da atividade banc\u00e1ria, sem qualquer tipo de autonomia, restando evidente a contrata\u00e7\u00e3o fraudulenta com intuito de burlar as normas trabalhistas\u201d. Por isso pediu na Justi\u00e7a do Trabalho o reconhecimento do v\u00ednculo empregat\u00edcio diretamente com o banco.<\/p>\n<p>O Ju\u00edzo da Vara do Trabalho de Salto afirmou que \u201ca constitui\u00e7\u00e3o de pessoas jur\u00eddicas (pejotiza\u00e7\u00e3o) ou a elabora\u00e7\u00e3o de contrato civil, todas para travestir uma rela\u00e7\u00e3o empregat\u00edcia, tem sido pr\u00e1tica muito comum no Brasil, mas se a parte autora comprovar a presen\u00e7a dos requisitos do v\u00ednculo empregat\u00edcio, a presta\u00e7\u00e3o de servi\u00e7os fica descaracterizada em outros moldes, tendo direito a todas as verbas trabalhistas\u201d. Por\u00e9m, ressaltou que \u201cessa an\u00e1lise n\u00e3o deve ser feita perante a Justi\u00e7a do Trabalho, de acordo com a atual jurisprud\u00eancia\u201d, e por isso declarou a incompet\u00eancia material para apreciar o lit\u00edgio e, com fundamento no art. 64, \u00a7 3\u00ba, do CPC, determinou o envio dos autos \u00e0 Justi\u00e7a Comum Estadual.<\/p>\n<p>A relatora do ac\u00f3rd\u00e3o, desembargadora Gisela Rodrigues Magalh\u00e3es de Araujo e Moraes, n\u00e3o concordou com a decis\u00e3o original. \u201cPor for\u00e7a de mandamento constitucional (art. 114, I, da Constitui\u00e7\u00e3o Federal), n\u00e3o h\u00e1 como se afastar a compet\u00eancia da Justi\u00e7a do Trabalho para processar e julgar a presente a\u00e7\u00e3o que objetiva o reconhecimento do v\u00ednculo empregat\u00edcio, sob o argumento de fraude \u00e0 legisla\u00e7\u00e3o trabalhista\u201d, afirmou a relatora, que embasou sua tese em decis\u00f5es do TST a exemplo do Ag-RRAg-1000861-57.2020.5.02.0043 e o RR-1000747-41.2021.5.02.0025, e concluiu, assim, pela reforma da senten\u00e7a, reconhecendo \u201ca compet\u00eancia da Justi\u00e7a do Trabalho para processar e julgar o presente feito, inclusive com a devida instru\u00e7\u00e3o probat\u00f3ria\u201d. (Processo 0011230-33.2023.5.15.0085)<\/p>\n<p><em>Foto: Banco de imagens Freepik.<\/em><\/p>\n<p><em>Esta mat\u00e9ria \u00e9 meramente informativa.<\/em><br \/><em>Permitida a reprodu\u00e7\u00e3o mediante cita\u00e7\u00e3o da fonte.<br \/>\nCoordenadoria de Comunica\u00e7\u00e3o Social.<br \/>\nTRT-15<br \/>\nTel.(19) 3236 1789<br \/>\nimprensa@trt15.jus.br<\/em><\/p>\n<\/div><\/div>\n<div>\n<div>Unidade Respons\u00e1vel:<\/div>\n<div>Comunica\u00e7\u00e3o Social<\/div>\n<\/div>\n<div>Ter, 20\/05\/2025 &#8211; 12:44<\/div>\n<p>      <span class=\"a2a_kit a2a_kit_size_16 addtoany_list\"><a class=\"a2a_dd addtoany_share\" href=\"https:\/\/www.addtoany.com\/share#url=https%3A%2F%2Ftrt15.jus.br%2Fnoticia%2F2025%2Ftrabalhadora-que-alega-fraude-na-contratacao-tera-seu-processo-reanalisado-na-vt-de&amp;title=Trabalhadora%20que%20alega%20fraude%20na%20contrata%C3%A7%C3%A3o%20ter%C3%A1%20seu%20processo%20reanalisado%20na%20VT%20de%20origem\"><\/a><a class=\"a2a_button_whatsapp\"><\/a><a class=\"a2a_button_google_gmail\"><\/a><a class=\"a2a_button_twitter\"><\/a><a class=\"a2a_button_facebook\"><\/a><a class=\"a2a_button_linkedin\"><\/a><\/span><\/p>","protected":false},"excerpt":{"rendered":"<p>Trabalhadora que alega fraude na contrata\u00e7\u00e3o ter\u00e1 seu processo reanalisado na VT de origem anasiqueira Ter, 20\/05\/2025 &#8211; 12:44 Trabalhadora que alega fraude na contrata\u00e7\u00e3o ter\u00e1 seu processo reanalisado na VT de origem Conte\u00fado da Not\u00edcia A 5\u00aa C\u00e2mara do Tribunal Regional do Trabalho da 15\u00aa Regi\u00e3o deu provimento ao recurso de uma trabalhadora contratada [&hellip;]<\/p>\n","protected":false},"author":0,"featured_media":11138,"comment_status":"open","ping_status":"open","sticky":false,"template":"","format":"standard","meta":[],"categories":[1],"tags":[],"_links":{"self":[{"href":"https:\/\/aprimora.site\/carvalhoalmeidaadvogados\/wp-json\/wp\/v2\/posts\/11137"}],"collection":[{"href":"https:\/\/aprimora.site\/carvalhoalmeidaadvogados\/wp-json\/wp\/v2\/posts"}],"about":[{"href":"https:\/\/aprimora.site\/carvalhoalmeidaadvogados\/wp-json\/wp\/v2\/types\/post"}],"replies":[{"embeddable":true,"href":"https:\/\/aprimora.site\/carvalhoalmeidaadvogados\/wp-json\/wp\/v2\/comments?post=11137"}],"version-history":[{"count":0,"href":"https:\/\/aprimora.site\/carvalhoalmeidaadvogados\/wp-json\/wp\/v2\/posts\/11137\/revisions"}],"wp:featuredmedia":[{"embeddable":true,"href":"https:\/\/aprimora.site\/carvalhoalmeidaadvogados\/wp-json\/wp\/v2\/media\/11138"}],"wp:attachment":[{"href":"https:\/\/aprimora.site\/carvalhoalmeidaadvogados\/wp-json\/wp\/v2\/media?parent=11137"}],"wp:term":[{"taxonomy":"category","embeddable":true,"href":"https:\/\/aprimora.site\/carvalhoalmeidaadvogados\/wp-json\/wp\/v2\/categories?post=11137"},{"taxonomy":"post_tag","embeddable":true,"href":"https:\/\/aprimora.site\/carvalhoalmeidaadvogados\/wp-json\/wp\/v2\/tags?post=11137"}],"curies":[{"name":"wp","href":"https:\/\/api.w.org\/{rel}","templated":true}]}}