{"id":11106,"date":"2025-05-19T16:03:27","date_gmt":"2025-05-19T19:03:27","guid":{"rendered":"https:\/\/aprimora.site\/carvalhoalmeidaadvogados\/2025\/05\/19\/metas-nacionais-2026-justica-do-trabalho-abre-consulta-publica-para-quem-usa-os-servicos-da-instituicao\/"},"modified":"2025-05-19T16:03:27","modified_gmt":"2025-05-19T19:03:27","slug":"metas-nacionais-2026-justica-do-trabalho-abre-consulta-publica-para-quem-usa-os-servicos-da-instituicao","status":"publish","type":"post","link":"https:\/\/aprimora.site\/carvalhoalmeidaadvogados\/2025\/05\/19\/metas-nacionais-2026-justica-do-trabalho-abre-consulta-publica-para-quem-usa-os-servicos-da-instituicao\/","title":{"rendered":"Metas nacionais 2026: Justi\u00e7a do Trabalho abre consulta p\u00fablica para quem usa os servi\u00e7os da institui\u00e7\u00e3o"},"content":{"rendered":"<p><span>Metas nacionais 2026: Justi\u00e7a do Trabalho abre consulta p\u00fablica para quem usa os servi\u00e7os da institui\u00e7\u00e3o<\/span><\/p>\n<div>  <a href=\"https:\/\/trt15.jus.br\/noticia\/2025\/metas-nacionais-2026-justica-do-trabalho-abre-consulta-publica-para-quem-usa-os\"><\/a>\n<\/div>\n<p><span><span>anasiqueira<\/span><\/span><\/p>\n<p><span>Seg, 19\/05\/2025 &#8211; 13:03<\/span><\/p>\n<div>\n<div>Metas nacionais 2026: Justi\u00e7a do Trabalho abre consulta p\u00fablica para quem usa os servi\u00e7os da institui\u00e7\u00e3o<\/div>\n<\/div>\n<div>\n<div class=\"visually-hidden\">Conte\u00fado da Not\u00edcia<\/div>\n<div>\n<p>A Justi\u00e7a do Trabalho inicia nesta segunda-feira a Consulta P\u00fablica para Metas Nacionais do ano que vem. O objetivo \u00e9 coletar a opini\u00e3o de quem usa os servi\u00e7os de Varas, F\u00f3runs e Tribunais do Trabalho em todo o pa\u00eds para a elabora\u00e7\u00e3o das metas de 2026.\u00a0<\/p>\n<p>O levantamento poder\u00e1 ser respondido at\u00e9 25 de maio e est\u00e1 sendo feito de forma unificada nacionalmente em todo o judici\u00e1rio trabalhista, incluindo primeiro e segundo graus, al\u00e9m do Tribunal Superior do Trabalho (TST).<\/p>\n<p><strong>Podem participar da pesquisa:<\/strong><\/p>\n<p>Trabalhadores(as);<br \/>\nEmpresas;\u00a0<br \/>\nAdvocacia;\u00a0<br \/>\nIntegrantes do Minist\u00e9rio P\u00fablico;<br \/>\nMagistradas e magistrados;<br \/>\nServidores(as) da Justi\u00e7a do Trabalho, e<br \/>\nRepresentantes de sindicatos e associa\u00e7\u00f5es de classe.<\/p>\n<p>Participe! Responda o question\u00e1rio da <a href=\"https:\/\/pesquisas.tst.jus.br\/index.php\/221695?newtest=Y&amp;lang=pt-BR\">Consulta P\u00fablica Metas Nacionais para 2026<\/a>.<\/p>\n<p><strong>Estrat\u00e9gia Nacional<\/strong><\/p>\n<p>A Estrat\u00e9gia Nacional do Poder Judici\u00e1rio 2021-2026 foi institu\u00edda pela Resolu\u00e7\u00e3o CNJ 325\/2020, ap\u00f3s constru\u00e7\u00e3o democr\u00e1tica e participativa da rede de governan\u00e7a do Poder Judici\u00e1rio. Assim, foram estabelecidos novos macrodesafios para todo o Judici\u00e1rio brasileiro.\u00a0<\/p>\n<p>Com esse novo ciclo de planejamento, fortalece-se o processo de formula\u00e7\u00e3o participativa e democr\u00e1tica de metas, com a possibilidade de envolvimento de diversos colaboradores na sua elabora\u00e7\u00e3o.<\/p>\n<p>Conhe\u00e7a o <a href=\"https:\/\/www.csjt.jus.br\/web\/seggest\">Plano Estrat\u00e9gico da Justi\u00e7a do Trabalho\/CSJT 2021-2026<\/a>, o <a href=\"https:\/\/www.tst.jus.br\/en\/web\/gestao-estrategica\/plano-estrategico\">Plano Estrat\u00e9gico do Tribunal Superior do Trabalho 2021-2026<\/a>\u00a0e o <a href=\"https:\/\/trt15.jus.br\/institucional\/gestao-estrategica\/planejamento-estrategico-ciclo-2021-2026\">Plano Estrat\u00e9gico do TRT-15 2021-2026<\/a>.<\/p>\n<p><em>Fonte: com informa\u00e7\u00f5es do CSJT<\/em><\/p>\n<\/div><\/div>\n<div>\n<div>Unidade Respons\u00e1vel:<\/div>\n<div>Comunica\u00e7\u00e3o Social<\/div>\n<\/div>\n<div>Seg, 19\/05\/2025 &#8211; 13:03<\/div>\n<p>      <span class=\"a2a_kit a2a_kit_size_16 addtoany_list\"><a class=\"a2a_dd addtoany_share\" href=\"https:\/\/www.addtoany.com\/share#url=https%3A%2F%2Ftrt15.jus.br%2Fnoticia%2F2025%2Fmetas-nacionais-2026-justica-do-trabalho-abre-consulta-publica-para-quem-usa-os&amp;title=Metas%20nacionais%202026%3A%20Justi%C3%A7a%20do%20Trabalho%20abre%20consulta%20p%C3%BAblica%20para%20quem%20usa%20os%20servi%C3%A7os%20da%20institui%C3%A7%C3%A3o\"><\/a><a class=\"a2a_button_whatsapp\"><\/a><a class=\"a2a_button_google_gmail\"><\/a><a class=\"a2a_button_twitter\"><\/a><a class=\"a2a_button_facebook\"><\/a><a class=\"a2a_button_linkedin\"><\/a><\/span><\/p>","protected":false},"excerpt":{"rendered":"<p>Metas nacionais 2026: Justi\u00e7a do Trabalho abre consulta p\u00fablica para quem usa os servi\u00e7os da institui\u00e7\u00e3o anasiqueira Seg, 19\/05\/2025 &#8211; 13:03 Metas nacionais 2026: Justi\u00e7a do Trabalho abre consulta p\u00fablica para quem usa os servi\u00e7os da institui\u00e7\u00e3o Conte\u00fado da Not\u00edcia A Justi\u00e7a do Trabalho inicia nesta segunda-feira a Consulta P\u00fablica para Metas Nacionais do ano [&hellip;]<\/p>\n","protected":false},"author":0,"featured_media":11107,"comment_status":"open","ping_status":"open","sticky":false,"template":"","format":"standard","meta":[],"categories":[1],"tags":[],"_links":{"self":[{"href":"https:\/\/aprimora.site\/carvalhoalmeidaadvogados\/wp-json\/wp\/v2\/posts\/11106"}],"collection":[{"href":"https:\/\/aprimora.site\/carvalhoalmeidaadvogados\/wp-json\/wp\/v2\/posts"}],"about":[{"href":"https:\/\/aprimora.site\/carvalhoalmeidaadvogados\/wp-json\/wp\/v2\/types\/post"}],"replies":[{"embeddable":true,"href":"https:\/\/aprimora.site\/carvalhoalmeidaadvogados\/wp-json\/wp\/v2\/comments?post=11106"}],"version-history":[{"count":0,"href":"https:\/\/aprimora.site\/carvalhoalmeidaadvogados\/wp-json\/wp\/v2\/posts\/11106\/revisions"}],"wp:featuredmedia":[{"embeddable":true,"href":"https:\/\/aprimora.site\/carvalhoalmeidaadvogados\/wp-json\/wp\/v2\/media\/11107"}],"wp:attachment":[{"href":"https:\/\/aprimora.site\/carvalhoalmeidaadvogados\/wp-json\/wp\/v2\/media?parent=11106"}],"wp:term":[{"taxonomy":"category","embeddable":true,"href":"https:\/\/aprimora.site\/carvalhoalmeidaadvogados\/wp-json\/wp\/v2\/categories?post=11106"},{"taxonomy":"post_tag","embeddable":true,"href":"https:\/\/aprimora.site\/carvalhoalmeidaadvogados\/wp-json\/wp\/v2\/tags?post=11106"}],"curies":[{"name":"wp","href":"https:\/\/api.w.org\/{rel}","templated":true}]}}