{"id":11104,"date":"2025-05-19T19:03:35","date_gmt":"2025-05-19T22:03:35","guid":{"rendered":"https:\/\/aprimora.site\/carvalhoalmeidaadvogados\/2025\/05\/19\/carta-aberta-lida-no-santuario-de-aparecida-alerta-para-os-riscos-da-violencia-contra-criancas-e-adolescentes\/"},"modified":"2025-05-19T19:03:35","modified_gmt":"2025-05-19T22:03:35","slug":"carta-aberta-lida-no-santuario-de-aparecida-alerta-para-os-riscos-da-violencia-contra-criancas-e-adolescentes","status":"publish","type":"post","link":"https:\/\/aprimora.site\/carvalhoalmeidaadvogados\/2025\/05\/19\/carta-aberta-lida-no-santuario-de-aparecida-alerta-para-os-riscos-da-violencia-contra-criancas-e-adolescentes\/","title":{"rendered":"Carta aberta lida no Santu\u00e1rio de Aparecida alerta para os riscos da viol\u00eancia contra crian\u00e7as e adolescentes"},"content":{"rendered":"<p><span>Carta aberta lida no Santu\u00e1rio de Aparecida alerta para os riscos da viol\u00eancia contra crian\u00e7as e adolescentes<\/span><\/p>\n<div>  <a href=\"https:\/\/trt15.jus.br\/noticia\/2025\/carta-aberta-lida-no-santuario-de-aparecida-alerta-para-os-riscos-da-violencia-contra\"><\/a>\n<\/div>\n<p><span><span>anagatto<\/span><\/span><\/p>\n<p><span>Seg, 19\/05\/2025 &#8211; 16:03<\/span><\/p>\n<div>\n<div>Carta aberta lida no Santu\u00e1rio de Aparecida alerta para os riscos da viol\u00eancia contra crian\u00e7as e adolescentes<\/div>\n<div>\n<div class=\"visually-hidden\">Conte\u00fado da Not\u00edcia<\/div>\n<div>\n<p>Neste domingo, 18\/5, durante a Missa das 18h no Santu\u00e1rio Nacional de Aparecida, a desembargadora Antonia Sant\u2019Ana, integrante do Comit\u00ea de Erradica\u00e7\u00e3o do Trabalho Infantil e de Est\u00edmulo \u00e0 Aprendizagem do Tribunal Regional do Trabalho da 15\u00aa Regi\u00e3o, fez a leitura da Carta Aberta de Aparecida contra o Abuso e a Explora\u00e7\u00e3o Sexual de Crian\u00e7as e Adolescentes, em alus\u00e3o ao Dia Nacional de Combate ao Abuso e \u00e0 Explora\u00e7\u00e3o Sexual de Crian\u00e7as e Adolescentes.\u00a0<\/p>\n<p>A iniciativa \u00e9 uma parceria entre o TRT-15, a Procuradoria Regional do Trabalho da 15\u00aa Regi\u00e3o, o F\u00f3rum Nacional de Preven\u00e7\u00e3o e Erradica\u00e7\u00e3o do Trabalho Infantil (FNPETI) \u00a0e o Santu\u00e1rio, com o principal objetivo de reafirmar o compromisso coletivo de proteger a inf\u00e2ncia amea\u00e7ada pela viol\u00eancia e explora\u00e7\u00e3o sexual, especialmente com o avan\u00e7o da pr\u00e1tica criminosa pela internet.\u00a0<\/p>\n<p>Prestigiaram o evento o coordenador do Comit\u00ea, desembargador Jo\u00e3o Batista Martins C\u00e9sar, e os ju\u00edzes Adhemar Prisco da Cunha Neto, titular da 1\u00aa Vara do Trabalho de Jacare\u00ed, e Valdir Rinaldi Silva, titular da 4\u00aa VT de Sorocaba, ambos coordenadores, respectivamente, do Juizado Especial da Inf\u00e2ncia e Adolesc\u00eancia (Jeia) de S\u00e3o Jos\u00e9 dos Campos e Sorocaba.<\/p>\n\n<p><em>#ParaTodosVerem: posam para a foto, em p\u00e9, os magistrados Adhemar, Valdir, Antonia e Jo\u00e3o Batista ao lado do padre Eduardo Cafalfo.<\/em><\/p>\n<p>A Carta assinada em conjunto pelos representantes da Justi\u00e7a do Trabalho, do Minist\u00e9rio P\u00fablico do Trabalho e da Igreja Cat\u00f3lica destaca, entre outros, os dados do relat\u00f3rio da ONU de 2024 que revela o crescimento dos n\u00fameros da pr\u00e1tica criminosa de explora\u00e7\u00e3o sexual e abuso infantil, pela internet, de cerca de 300 milh\u00f5es de crian\u00e7as apenas no per\u00edodo de um ano. No Brasil, somente em 2023, foram denunciados mais de 71 mil casos de abuso sexual infantil on-line (77% a mais do que em 2022). Em 2024, o pa\u00eds figurou em quinto lugar na lista de pa\u00edses com mais den\u00fancias. Ainda assim, estima-se que 90% dos casos jamais chegam a ser denunciados. Al\u00e9m do avan\u00e7o desses crimes praticados pela internet, o documento tamb\u00e9m destaca a explora\u00e7\u00e3o do trabalho infantil, a viol\u00eancia e o abuso sexual camuflado em ambientes como escolas e na pr\u00f3pria casa, onde as v\u00edtimas deveriam estar protegidas.<\/p>\n<p>Para o desembargador Jo\u00e3o Batista Martins C\u00e9sar, a iniciativa conjunta em defesa dos direitos da crian\u00e7a e do adolescente \u00e9 uma necessidade que ainda se imp\u00f5e \u00e0 sociedade brasileira, especialmente nos dias atuais, em que se assiste, com espanto, ao aumento de den\u00fancias de abusos pela internet. \u201c\u00c9 preciso que a sociedade se conscientize dos riscos a que nossas crian\u00e7as e adolescentes est\u00e3o expostos diariamente, n\u00e3o s\u00f3 no que se refere \u00e0 explora\u00e7\u00e3o do trabalho precoce, mas tamb\u00e9m com rela\u00e7\u00e3o aos diferentes tipos de viol\u00eancia\u201d, afirmou. \u00a0<\/p>\n<p>Den\u00fancias<br \/>\nPor interm\u00e9dio do \u201cDisque Direitos Humanos &#8211; Disque 100\u201d \u00e9 poss\u00edvel fazer den\u00fancias. O servi\u00e7o de utilidade p\u00fablica recebe, analisa e encaminha as manifesta\u00e7\u00f5es envolvendo viola\u00e7\u00f5es de direitos humanos, especialmente as que atingem popula\u00e7\u00f5es em situa\u00e7\u00e3o de vulnerabilidade social.\u00a0<\/p>\n<p>Leia na \u00edntegra a Carta <a href=\"https:\/\/trt15.jus.br\/sites\/portal\/files\/roles\/noticias\/2025\/05\/CARTA%20ABERTA%20DE%20APARECIDA%20CONTRA%20O%20ABUSO%20E%20A%20EXPLORA%C3%87%C3%83O%20SEXUAL%20DE%20CRIAN%C3%87AS%20E%20ADOLESCENTES%20Resumida.pdf\">aqui<\/a>.<\/p>\n<\/div><\/div>\n<div>\n<div>Unidade Respons\u00e1vel:<\/div>\n<div>Comunica\u00e7\u00e3o Social<\/div>\n<\/div>\n<div>Seg, 19\/05\/2025 &#8211; 16:03<\/div>\n<p>      <span class=\"a2a_kit a2a_kit_size_16 addtoany_list\"><a class=\"a2a_dd addtoany_share\" href=\"https:\/\/www.addtoany.com\/share#url=https%3A%2F%2Ftrt15.jus.br%2Fnoticia%2F2025%2Fcarta-aberta-lida-no-santuario-de-aparecida-alerta-para-os-riscos-da-violencia-contra&amp;title=Carta%20aberta%20lida%20no%20Santu%C3%A1rio%20de%20Aparecida%20alerta%20para%20os%20riscos%20da%20viol%C3%AAncia%20contra%20crian%C3%A7as%20e%20adolescentes\"><\/a><a class=\"a2a_button_whatsapp\"><\/a><a class=\"a2a_button_google_gmail\"><\/a><a class=\"a2a_button_twitter\"><\/a><a class=\"a2a_button_facebook\"><\/a><a class=\"a2a_button_linkedin\"><\/a><\/span><\/p><\/div>","protected":false},"excerpt":{"rendered":"<p>Carta aberta lida no Santu\u00e1rio de Aparecida alerta para os riscos da viol\u00eancia contra crian\u00e7as e adolescentes anagatto Seg, 19\/05\/2025 &#8211; 16:03 Carta aberta lida no Santu\u00e1rio de Aparecida alerta para os riscos da viol\u00eancia contra crian\u00e7as e adolescentes Conte\u00fado da Not\u00edcia Neste domingo, 18\/5, durante a Missa das 18h no Santu\u00e1rio Nacional de Aparecida, [&hellip;]<\/p>\n","protected":false},"author":0,"featured_media":11105,"comment_status":"open","ping_status":"open","sticky":false,"template":"","format":"standard","meta":[],"categories":[1],"tags":[],"_links":{"self":[{"href":"https:\/\/aprimora.site\/carvalhoalmeidaadvogados\/wp-json\/wp\/v2\/posts\/11104"}],"collection":[{"href":"https:\/\/aprimora.site\/carvalhoalmeidaadvogados\/wp-json\/wp\/v2\/posts"}],"about":[{"href":"https:\/\/aprimora.site\/carvalhoalmeidaadvogados\/wp-json\/wp\/v2\/types\/post"}],"replies":[{"embeddable":true,"href":"https:\/\/aprimora.site\/carvalhoalmeidaadvogados\/wp-json\/wp\/v2\/comments?post=11104"}],"version-history":[{"count":0,"href":"https:\/\/aprimora.site\/carvalhoalmeidaadvogados\/wp-json\/wp\/v2\/posts\/11104\/revisions"}],"wp:featuredmedia":[{"embeddable":true,"href":"https:\/\/aprimora.site\/carvalhoalmeidaadvogados\/wp-json\/wp\/v2\/media\/11105"}],"wp:attachment":[{"href":"https:\/\/aprimora.site\/carvalhoalmeidaadvogados\/wp-json\/wp\/v2\/media?parent=11104"}],"wp:term":[{"taxonomy":"category","embeddable":true,"href":"https:\/\/aprimora.site\/carvalhoalmeidaadvogados\/wp-json\/wp\/v2\/categories?post=11104"},{"taxonomy":"post_tag","embeddable":true,"href":"https:\/\/aprimora.site\/carvalhoalmeidaadvogados\/wp-json\/wp\/v2\/tags?post=11104"}],"curies":[{"name":"wp","href":"https:\/\/api.w.org\/{rel}","templated":true}]}}