{"id":11061,"date":"2025-05-16T18:54:03","date_gmt":"2025-05-16T21:54:03","guid":{"rendered":"https:\/\/aprimora.site\/carvalhoalmeidaadvogados\/2025\/05\/16\/trt-15-promove-seminario-sobre-combate-ao-abuso-e-a-exploracao-sexual-de-criancas-e-adolescentes\/"},"modified":"2025-05-16T18:54:03","modified_gmt":"2025-05-16T21:54:03","slug":"trt-15-promove-seminario-sobre-combate-ao-abuso-e-a-exploracao-sexual-de-criancas-e-adolescentes","status":"publish","type":"post","link":"https:\/\/aprimora.site\/carvalhoalmeidaadvogados\/2025\/05\/16\/trt-15-promove-seminario-sobre-combate-ao-abuso-e-a-exploracao-sexual-de-criancas-e-adolescentes\/","title":{"rendered":"TRT-15 promove semin\u00e1rio sobre combate ao abuso e \u00e0 explora\u00e7\u00e3o sexual de crian\u00e7as e adolescentes"},"content":{"rendered":"<p><span>TRT-15 promove semin\u00e1rio sobre combate ao abuso e \u00e0 explora\u00e7\u00e3o sexual de crian\u00e7as e adolescentes<\/span><\/p>\n<div>  <a href=\"https:\/\/trt15.jus.br\/noticia\/2025\/trt-15-promove-seminario-sobre-combate-ao-abuso-e-exploracao-sexual-de-criancas-e\"><\/a>\n<\/div>\n<p><span><span>anagatto<\/span><\/span><\/p>\n<p><span>Sex, 16\/05\/2025 &#8211; 15:54<\/span><\/p>\n<div>\n<div>TRT-15 promove semin\u00e1rio sobre combate ao abuso e \u00e0 explora\u00e7\u00e3o sexual de crian\u00e7as e adolescentes<\/div>\n<div>\n<div class=\"visually-hidden\">Conte\u00fado da Not\u00edcia<\/div>\n<div>\n<p>Em alus\u00e3o ao Maio Laranja, m\u00eas de conscientiza\u00e7\u00e3o e enfrentamento ao abuso e \u00e0 explora\u00e7\u00e3o sexual de crian\u00e7as e adolescentes, o Tribunal Regional do Trabalho da 15\u00aa Regi\u00e3o realizou nesta sexta-feira, 16\/5, o semin\u00e1rio \u201cAbuso e explora\u00e7\u00e3o sexual de crian\u00e7as e adolescentes: os desafios da supera\u00e7\u00e3o na contemporaneidade\u201d.<\/p>\n<p>Promovido pelo Comit\u00ea de Erradica\u00e7\u00e3o do Trabalho Infantil e de Est\u00edmulo \u00e0 Aprendizagem, em parceria com a Escola Judicial do TRT-15, o evento foi realizado em formato h\u00edbrido, com participa\u00e7\u00e3o presencial no audit\u00f3rio da Escola Judicial e transmiss\u00e3o ao vivo pelo canal da Ejud-15 no YouTube.<\/p>\n<p>A mesa de abertura contou com a presen\u00e7a da vice-diretora da EJud-15, desembargadora Eleonora Bordini Coca, do membro do Comit\u00ea promotor do evento, desembargador Marcos da Silva Porto, e da desembargadora Ana Amarylis Vivacqua de Oliveira Gulla, presidente do TRT-15 no bi\u00eanio 2020-2022.<\/p>\n\n<p><em>#ParaTodosVerem: A magistrada Eleonora, sentada, fala ao microfone, sendo observada pelos ju\u00edzes Ana Amarylis e Marcos Porto.<\/em><\/p>\n<p>A vice-diretora da EJud-15 destacou a import\u00e2ncia de enfrentar um tema \u201ct\u00e3o delicado, dif\u00edcil e importante\u201d. Conforme afirmou, os dados revelam que mais de 50 mil crian\u00e7as e adolescentes s\u00e3o v\u00edtimas de abuso por ano. \u201cTrata-se de uma pr\u00e1tica antiga, envolta em sil\u00eancio e marcada por dificuldades hist\u00f3ricas para o enfrentamento\u201d. A magistrada destacou um novo desafio a ser enfrentado: os abusos virtuais. \u201cComo impedir que nossos jovens se tornem alvo? Qual o papel da fam\u00edlia, da escola, da sociedade, das pol\u00edticas p\u00fablicas? S\u00e3o essas perguntas que nortear\u00e3o nossas reflex\u00f5es neste semin\u00e1rio\u201d, finalizou.<\/p>\n\n<p><em>#ParaTodosVerem: A desembargadora Ana Amarylis fala ao microfone.<\/em><\/p>\n<p>Em seguida, a desembargadora Ana Amarylis recitou o poema de sua autoria \u201cLembran\u00e7as nost\u00e1lgicas\u201d, evocando a saudade da inf\u00e2ncia e lembrando que para muitas crian\u00e7as essa fase \u00e9 marcada por dor, medo e vergonha. \u201cH\u00e1 inf\u00e2ncias silenciadas pelos traumas. Os abusos n\u00e3o s\u00e3o apenas crimes, s\u00e3o viola\u00e7\u00f5es profundas do desenvolvimento f\u00edsico, ps\u00edquico e emocional\u201d. A magistrada destacou ser esse o contexto de surgimento do Maio Laranja, cuja cor representa a vida, a energia, a inf\u00e2ncia vivida. \u201cHoje reafirmamos nosso compromisso com a prote\u00e7\u00e3o integral da crian\u00e7a. Ainda que pare\u00e7a distante da nossa miss\u00e3o jurisdicional, esse tema est\u00e1 inserido na nossa miss\u00e3o constitucional\u201d.<\/p>\n\n<p><em>#ParaTodosVerem: O juiz Marcos Porto fala ao microfone.<\/em><\/p>\n<p>O desembargador Marcos Porto ressaltou a dureza do tema e a complexidade de seu enfrentamento. \u201c\u00c9 \u00e1rido falar sobre abuso e explora\u00e7\u00e3o sexual infantil, mas necess\u00e1rio\u201d. O magistrado dividiu esse fen\u00f4meno em duas fases, o que ocorre fora do ambiente de trabalho, fruto muitas vezes da aus\u00eancia de oportunidades; e o que acontece dentro do universo do trabalho, marcado por heran\u00e7as culturais escravocratas e patriarcais. \u201c\u00c9 preciso um olhar atento sobre o assunto, para vencermos essa heran\u00e7a cultural. Sair um pouco do mundo da dogm\u00e1tica do Direito, para ouvirmos outras linhas de pesquisa e conhecer o que se passa fora das nossas paredes\u201d, concluiu.<\/p>\n<p>Prestigiaram o evento o vice-presidente administrativo, desembargador Helcio Lobo Dantas Lobo, o desembargador Samuel Hugo Lima (presidente do TRT-15 no bi\u00eanio 2022-2024) e o desembargador Jo\u00e3o Batista Martins C\u00e9sar, coordenador do Comit\u00ea de Erradica\u00e7\u00e3o do Trabalho Infantil e Est\u00edmulo \u00e0 Aprendizagem.\u00a0<\/p>\n<p>\u00a0<\/p>\n<p><strong>Programa\u00e7\u00e3o<\/strong><\/p>\n<p>Com carga hor\u00e1ria de 3h30, o semin\u00e1rio contou com palestra de abertura e dois pain\u00e9is tem\u00e1ticos. O evento reuniu magistrados, servidores e p\u00fablico externo.<\/p>\n\n<p><em>#ParaTodosVerem: Professor Jair fala ao microfone.<\/em><\/p>\n<p>O professor da Faculdade de Direito de Ribeir\u00e3o Preto da USP,\u00a0Jair Aparecido Cardoso, conduziu a palestra de abertura, com a tem\u00e1tica \u201cInf\u00e2ncia, desconex\u00e3o e trabalho\u201d. A apresenta\u00e7\u00e3o ficou a cargo do desembargador Marcos Porto.<\/p>\n\n<p><em>#ParaTodosVerem: Professora Vera fala ao microfone na mesa de trabalhos, composta pela Dra. Ta\u00edsa e Dra. Rita. Em primeiro plano, o p\u00fablico acompanha a palestra.<\/em><\/p>\n<p>\u201cExplora\u00e7\u00e3o sexual infantil e a educa\u00e7\u00e3o\u201d foi o tema do 1\u00ba painel, apresentado pela professora Vera Lucia Navarro (FFCLRP-USP),<br \/>\nsob coordena\u00e7\u00e3o da ju\u00edza Ta\u00edsa Magalh\u00e3es de Oliveira Santana Mendes, do Juizado Especial da Inf\u00e2ncia e Adolesc\u00eancia (Jeia) de Campinas. A desembargadora Rita de C\u00e1ssia Scagliusi do Carmo atuou como debatedora do painel.<\/p>\n\n<p><em>#ParaTodosVerem: Sentadas \u00e0 mesa a m\u00e9dica Mariana e as ju\u00edzas Antonia e Ana Cl\u00e1udia.<\/em><\/p>\n<p>No 2\u00ba Painel, a professora Mariana da Silva Ferreira, m\u00e9dica legista da Pol\u00edcia T\u00e9cnico-Cient\u00edfica\/SP, abordou o tema \u201cExplora\u00e7\u00e3o sexual infantil e a sa\u00fade\u201d. O painel foi coordenado pela desembargadora Antonia Sant&#8217;Ana e contou com coment\u00e1rios da desembargadora Ana Cl\u00e1udia Torres Vianna.<\/p>\n<p><a href=\"https:\/\/www.youtube.com\/watch?v=rcf1mFEhBD0\">Assista.<\/a><\/p>\n\n<p><em>#ParaTodosVerem: Foto posada dos participantes do semin\u00e1rio.\u00a0<\/em><\/p>\n<\/div><\/div>\n<div>\n<div>Unidade Respons\u00e1vel:<\/div>\n<div>Comunica\u00e7\u00e3o Social<\/div>\n<\/div>\n<div>Sex, 16\/05\/2025 &#8211; 15:54<\/div>\n<p>      <span class=\"a2a_kit a2a_kit_size_16 addtoany_list\"><a class=\"a2a_dd addtoany_share\" href=\"https:\/\/www.addtoany.com\/share#url=https%3A%2F%2Ftrt15.jus.br%2Fnoticia%2F2025%2Ftrt-15-promove-seminario-sobre-combate-ao-abuso-e-exploracao-sexual-de-criancas-e&amp;title=TRT-15%20promove%20semin%C3%A1rio%20sobre%20combate%20ao%20abuso%20e%20%C3%A0%20explora%C3%A7%C3%A3o%20sexual%20de%20crian%C3%A7as%20e%20adolescentes\"><\/a><a class=\"a2a_button_whatsapp\"><\/a><a class=\"a2a_button_google_gmail\"><\/a><a class=\"a2a_button_twitter\"><\/a><a class=\"a2a_button_facebook\"><\/a><a class=\"a2a_button_linkedin\"><\/a><\/span><\/p><\/div>","protected":false},"excerpt":{"rendered":"<p>TRT-15 promove semin\u00e1rio sobre combate ao abuso e \u00e0 explora\u00e7\u00e3o sexual de crian\u00e7as e adolescentes anagatto Sex, 16\/05\/2025 &#8211; 15:54 TRT-15 promove semin\u00e1rio sobre combate ao abuso e \u00e0 explora\u00e7\u00e3o sexual de crian\u00e7as e adolescentes Conte\u00fado da Not\u00edcia Em alus\u00e3o ao Maio Laranja, m\u00eas de conscientiza\u00e7\u00e3o e enfrentamento ao abuso e \u00e0 explora\u00e7\u00e3o sexual de [&hellip;]<\/p>\n","protected":false},"author":0,"featured_media":11062,"comment_status":"open","ping_status":"open","sticky":false,"template":"","format":"standard","meta":[],"categories":[1],"tags":[],"_links":{"self":[{"href":"https:\/\/aprimora.site\/carvalhoalmeidaadvogados\/wp-json\/wp\/v2\/posts\/11061"}],"collection":[{"href":"https:\/\/aprimora.site\/carvalhoalmeidaadvogados\/wp-json\/wp\/v2\/posts"}],"about":[{"href":"https:\/\/aprimora.site\/carvalhoalmeidaadvogados\/wp-json\/wp\/v2\/types\/post"}],"replies":[{"embeddable":true,"href":"https:\/\/aprimora.site\/carvalhoalmeidaadvogados\/wp-json\/wp\/v2\/comments?post=11061"}],"version-history":[{"count":0,"href":"https:\/\/aprimora.site\/carvalhoalmeidaadvogados\/wp-json\/wp\/v2\/posts\/11061\/revisions"}],"wp:featuredmedia":[{"embeddable":true,"href":"https:\/\/aprimora.site\/carvalhoalmeidaadvogados\/wp-json\/wp\/v2\/media\/11062"}],"wp:attachment":[{"href":"https:\/\/aprimora.site\/carvalhoalmeidaadvogados\/wp-json\/wp\/v2\/media?parent=11061"}],"wp:term":[{"taxonomy":"category","embeddable":true,"href":"https:\/\/aprimora.site\/carvalhoalmeidaadvogados\/wp-json\/wp\/v2\/categories?post=11061"},{"taxonomy":"post_tag","embeddable":true,"href":"https:\/\/aprimora.site\/carvalhoalmeidaadvogados\/wp-json\/wp\/v2\/tags?post=11061"}],"curies":[{"name":"wp","href":"https:\/\/api.w.org\/{rel}","templated":true}]}}