{"id":10930,"date":"2025-05-13T08:57:57","date_gmt":"2025-05-13T11:57:57","guid":{"rendered":"https:\/\/aprimora.site\/carvalhoalmeidaadvogados\/2025\/05\/13\/camara-reajusta-auxilio-alimentacao-e-se-equipara-ao-senado\/"},"modified":"2025-05-13T08:57:57","modified_gmt":"2025-05-13T11:57:57","slug":"camara-reajusta-auxilio-alimentacao-e-se-equipara-ao-senado","status":"publish","type":"post","link":"https:\/\/aprimora.site\/carvalhoalmeidaadvogados\/2025\/05\/13\/camara-reajusta-auxilio-alimentacao-e-se-equipara-ao-senado\/","title":{"rendered":"C\u00e2mara reajusta aux\u00edlio-alimenta\u00e7\u00e3o e se equipara ao Senado"},"content":{"rendered":"<p>A <a href=\"https:\/\/www.jota.info\/legislativo\">C\u00e2mara dos Deputados<\/a>\u00a0publicou portaria que reajusta o valor do aux\u00edlio-alimenta\u00e7\u00e3o pago aos servidores da Casa, que passou de R$ 1.462,75 para R$ 1.784,42.<\/p>\n<p>Em fevereiro, o benef\u00edcio j\u00e1 havia sido reajustado, seguindo a varia\u00e7\u00e3o do IPCA. Por\u00e9m, houve nova corre\u00e7\u00e3o no final de abril, ap\u00f3s press\u00e3o dos servidores por equipara\u00e7\u00e3o com o Senado.<\/p>\n<h3><a href=\"https:\/\/conteudo.jota.info\/marketing-lp-newsletter-por-dentro-da-maquina\">Esse texto foi publicado na newsletter Por Dentro da M\u00e1quina. Clique aqui e se inscreva gratuitamente para receber not\u00edcias sobre o servi\u00e7o p\u00fablico<\/a><\/h3>\n<p>O aux\u00edlio-alimenta\u00e7\u00e3o do Senado teve reajuste de 22,19%, em 28 de fevereiro, dentro de um <a href=\"https:\/\/www.jota.info\/legislativo\/pacote-do-senado-cria-licenca-eleva-beneficio-e-altera-gratificacao-de-servidores\">pacote benef\u00edcios para os servidores e gabinetes<\/a> que inaugurou o segundo mandato de Davi Alcolumbre (Uni\u00e3o-AP).<\/p>\n<p>Agora, o benef\u00edcio da C\u00e2mara tem valor equivalente ao pago no Senado e no Tribunal de Contas da Uni\u00e3o. No Judici\u00e1rio, a equipara\u00e7\u00e3o com o Senado ocorreu em mar\u00e7o, quando o aux\u00edlio tamb\u00e9m foi reajustado para R$ 1.784,42.<\/p>\n<p>Com os aux\u00edlios equiparados no Judici\u00e1rio e no Legislativo, a press\u00e3o das entidades de classe do funcionalismo federal sobre o <a href=\"https:\/\/www.jota.info\/tudo-sobre\/mgi\">Minist\u00e9rio da Gest\u00e3o e da Inova\u00e7\u00e3o<\/a> ganhar\u00e1 combust\u00edvel.<\/p>\n<p>Este ser\u00e1 um dos temas mais quentes da pr\u00f3xima reuni\u00e3o da Mesa Nacional de Negocia\u00e7\u00e3o Permanente prevista para o final de maio. Hoje, o benef\u00edcio no Executivo est\u00e1 fixado\u00a0em\u00a0R$\u00a01\u00a0mil.<\/p>","protected":false},"excerpt":{"rendered":"<p>A C\u00e2mara dos Deputados\u00a0publicou portaria que reajusta o valor do aux\u00edlio-alimenta\u00e7\u00e3o pago aos servidores da Casa, que passou de R$ 1.462,75 para R$ 1.784,42. Em fevereiro, o benef\u00edcio j\u00e1 havia sido reajustado, seguindo a varia\u00e7\u00e3o do IPCA. Por\u00e9m, houve nova corre\u00e7\u00e3o no final de abril, ap\u00f3s press\u00e3o dos servidores por equipara\u00e7\u00e3o com o Senado. Esse [&hellip;]<\/p>\n","protected":false},"author":0,"featured_media":0,"comment_status":"open","ping_status":"open","sticky":false,"template":"","format":"standard","meta":[],"categories":[1],"tags":[],"_links":{"self":[{"href":"https:\/\/aprimora.site\/carvalhoalmeidaadvogados\/wp-json\/wp\/v2\/posts\/10930"}],"collection":[{"href":"https:\/\/aprimora.site\/carvalhoalmeidaadvogados\/wp-json\/wp\/v2\/posts"}],"about":[{"href":"https:\/\/aprimora.site\/carvalhoalmeidaadvogados\/wp-json\/wp\/v2\/types\/post"}],"replies":[{"embeddable":true,"href":"https:\/\/aprimora.site\/carvalhoalmeidaadvogados\/wp-json\/wp\/v2\/comments?post=10930"}],"version-history":[{"count":0,"href":"https:\/\/aprimora.site\/carvalhoalmeidaadvogados\/wp-json\/wp\/v2\/posts\/10930\/revisions"}],"wp:attachment":[{"href":"https:\/\/aprimora.site\/carvalhoalmeidaadvogados\/wp-json\/wp\/v2\/media?parent=10930"}],"wp:term":[{"taxonomy":"category","embeddable":true,"href":"https:\/\/aprimora.site\/carvalhoalmeidaadvogados\/wp-json\/wp\/v2\/categories?post=10930"},{"taxonomy":"post_tag","embeddable":true,"href":"https:\/\/aprimora.site\/carvalhoalmeidaadvogados\/wp-json\/wp\/v2\/tags?post=10930"}],"curies":[{"name":"wp","href":"https:\/\/api.w.org\/{rel}","templated":true}]}}