{"id":10913,"date":"2025-05-12T17:05:12","date_gmt":"2025-05-12T20:05:12","guid":{"rendered":"https:\/\/aprimora.site\/carvalhoalmeidaadvogados\/2025\/05\/12\/leao-xiv-pode-ser-para-a-extrema-direita-o-que-joao-paulo-ii-foi-para-o-comunismo\/"},"modified":"2025-05-12T17:05:12","modified_gmt":"2025-05-12T20:05:12","slug":"leao-xiv-pode-ser-para-a-extrema-direita-o-que-joao-paulo-ii-foi-para-o-comunismo","status":"publish","type":"post","link":"https:\/\/aprimora.site\/carvalhoalmeidaadvogados\/2025\/05\/12\/leao-xiv-pode-ser-para-a-extrema-direita-o-que-joao-paulo-ii-foi-para-o-comunismo\/","title":{"rendered":"Le\u00e3o XIV pode ser para a extrema direita o que Jo\u00e3o Paulo II foi para o comunismo"},"content":{"rendered":"<p>\u201cEy, Ey, Eymael! Um democrata crist\u00e3o.\u201d No Brasil, esse jingle de elei\u00e7\u00f5es presidenciais passadas virou meme. Na Europa, democracia crist\u00e3 era coisa s\u00e9ria e funcionou como um ponto de equil\u00edbrio entre o liberalismo cl\u00e1ssico \u2014 na pr\u00e1tica, pai do capitalismo selvagem, sem um contrato social mediado pelo Estado \u2014 e a busca por uma alternativa socialista, que romperia o status quo n\u00e3o apenas econ\u00f4mico, mas tamb\u00e9m moral.<\/p>\n<p>Parece estar em decl\u00ednio com a ascens\u00e3o da extrema direita, tal como demonstrado nas <a href=\"https:\/\/www.deutschland.de\/pt-br\/topic\/politica\/eleicoes-para-o-parlamento-federal-de-2025-resultado-das-eleicoes-alemanha-eleicoes\">\u00faltimas elei\u00e7\u00f5es legislativas alem\u00e3s<\/a>, em que a Uni\u00e3o Democrata Crist\u00e3 (CDU) ficou com menos de 30% dos votos e, em segundo lugar, vieram os neonazistas da Alternativa para a Alemanha (AfD), hoje o principal partido de oposi\u00e7\u00e3o no pa\u00eds.<\/p>\n<h3><a href=\"https:\/\/conteudo.jota.info\/marketing-lp-newsletter-ultimas-noticias?utm_source=jota&amp;utm_medium=lp&amp;utm_campaign=23-09-2024-jota-lp-eleicoes-2024-eleicoes-2024-none-audiencias-none&amp;utm_content=eleicoes-2024&amp;utm_term=none\"><span>Assine gratuitamente a newsletter \u00daltimas Not\u00edcias do <span class=\"jota\">JOTA<\/span> e receba as principais not\u00edcias jur\u00eddicas e pol\u00edticas do dia no seu email<\/span><\/a><\/h3>\n<p>Como o nome sugere, a democracia crist\u00e3 \u00e9 indissoci\u00e1vel da esfera religiosa e, em perspectiva hist\u00f3rica, \u00e9 atribu\u00edda ao papa Le\u00e3o XIII, refer\u00eancia para que o cardeal americano-peruano Robert Francis Prevost assumisse o trono de S\u00e3o Pedro sob o nome de Le\u00e3o XIV ao vencer o conclave de 8 de maio passado.<\/p>\n<p>Le\u00e3o XIII \u00e9 o pai da <a href=\"https:\/\/g1.globo.com\/jornal-nacional\/noticia\/2025\/05\/09\/documento-escrito-pelo-papa-leao-xiii-no-fim-do-seculo-19-inspira-acoes-sociais-da-igreja-ate-hoje.ghtml\">Doutrina Social da Igreja Cat\u00f3lica<\/a>, expressa num conjunto de enc\u00edclicas publicadas na transi\u00e7\u00e3o do s\u00e9culo 19 para o s\u00e9culo 20. Por\u00e9m, as circunst\u00e2ncias hist\u00f3ricas daquele per\u00edodo, o auge da Segunda Revolu\u00e7\u00e3o Industrial e do imperialismo europeu na \u00c1frica e na \u00c1sia, levaram o ent\u00e3o Sumo Pont\u00edfice a ver qualquer express\u00e3o de democracia na esfera pol\u00edtica como ind\u00edcio de subvers\u00e3o da ordem.<\/p>\n<p>Isso fica claro numa <a href=\"https:\/\/www.papalencyclicals.net\/leo13\/l13grcom.htm\">leitura apurada de <em>Graves de communi re<\/em><\/a>, na qual Le\u00e3o XIII condena o poder popular, entendendo-o como equivalente ao socialismo e, portanto, \u00e0 aboli\u00e7\u00e3o da sociedade de classes e da propriedade privada. A enc\u00edclica foi publicada em 1901, quando o sufr\u00e1gio universal \u2014 incluindo mulheres \u2014 existia apenas na long\u00ednqua e predominantemente protestante Nova Zel\u00e2ndia. O papa pode ser infal\u00edvel para os cat\u00f3licos, mas dele n\u00e3o se pode cobrar expertise em teoria social, ainda mais numa era em que os trabalhadores ainda lutavam por direitos pol\u00edticos.<\/p>\n<p>\u00c0 luz dessas circunst\u00e2ncias hist\u00f3ricas, Le\u00e3o XIII foi demasiadamente avan\u00e7ado dez anos antes, quando, em 1891, publicou a enc\u00edclica <em>Rerum Novarum<\/em>, defendendo sal\u00e1rios justos, direitos sociais para os trabalhadores e at\u00e9 mesmo seu direito \u00e0 sindicaliza\u00e7\u00e3o. \u00c9 o que Le\u00e3o XIV sinaliza fazer na era contempor\u00e2nea quando <a href=\"https:\/\/g1.globo.com\/mundo\/noticia\/2025\/05\/10\/leao-xiv-saiba-por-que-o-novo-papa-escolheu-esse-nome.ghtml\">afirmou<\/a> nesta segunda-feira (12) que a intelig\u00eancia artificial traz \u201cnovos desafios para a defesa da dignidade humana, da justi\u00e7a e do trabalho\u201d.<\/p>\n<p>Diferentemente do pont\u00edfice que honra com seu nome papal, o novo papa j\u00e1 demonstrou preocupa\u00e7\u00e3o com a democracia. Quando era bispo no Peru, <a href=\"https:\/\/revistaforum.com.br\/global\/2025\/5\/9\/papa-leo-xiv-foi-voz-contra-cruel-ditador-alberto-fujimori-comparado-bolsonaro-178968.html\">criticou a liberta\u00e7\u00e3o em 2017 do ex-ditador Alberto Fujimori<\/a>, que em 1992 empreendeu um autogolpe e lan\u00e7ou o pa\u00eds em oito anos de autoritarismo que inspira at\u00e9 hoje movimentos de extrema direita na Am\u00e9rica Latina. Em conversa com jornalistas nesta segunda-feira, Le\u00e3o XIV demonstrou preocupa\u00e7\u00e3o com a pris\u00e3o de profissionais de imprensa ao redor do mundo e o uso da desinforma\u00e7\u00e3o a favor de ideologias.<\/p>\n<p>Em menos de uma semana de pontificado, Le\u00e3o XIV, portanto, demonstra ter como inimigo qualquer regime ou projeto de poder autorit\u00e1rio, dentre os quais hoje se sobressai a extrema direita populista-nacionalista. \u00c9 sintom\u00e1tico que Prevost, nos Estados Unidos, mesmo sendo eleitor registrado no Partido Republicano, <a href=\"https:\/\/www.bbc.com\/portuguese\/articles\/cgmj72xljzro\">tenha criticado abertamente<\/a> o vice-presidente J. D. Vance. O alinhamento do religioso no campo conservador pr\u00e9-extrema direita faz sentido sobretudo considerando o posicionamento pr\u00f3-aborto dos democratas, o que n\u00e3o \u00e9 aceito por religiosos cat\u00f3licos.<\/p>\n<p>Da mesma forma, seu muito prov\u00e1vel afastamento desse campo com a ascens\u00e3o trumpista indica a busca por um caminho que est\u00e1 longe da esquerda, muito embora enfatize a conquista por direitos m\u00ednimos para todos independentemente da origem. Ou seja, busca-se uma postura democrata crist\u00e3, um meio termo entre o que na leitura cat\u00f3lica seriam os extremos pol\u00edticos, ambos delet\u00e9rios para a vida espiritual.<\/p>\n<p>Nessa toada, Le\u00e3o XIV tem tudo para se tornar o Jo\u00e3o Paulo II dos autocratas contempor\u00e2neos, em particular os de extrema direita, que se valem da religi\u00e3o para fundamentar sua ret\u00f3rica de \u00f3dio contra minorias e atrair o voto dos trabalhadores, sem dar as costas para o neoliberalismo que nos reduz a meras m\u00e1quinas exploradas at\u00e9 a exaust\u00e3o.<\/p>\n<p>A ironia \u00e9 que o hoje S\u00e3o Jo\u00e3o Paulo II aliou-se tacitamente nos anos 1980 aos dois maiores nomes do neoliberalismo na pol\u00edtica \u2014 o americano Ronald Reagan e a brit\u00e2nica Margaret Thatcher \u2014 para derrotar o comunismo. No entanto, ao desmascarar a falta de sensibilidade para com os trabalhadores da extrema direita, Le\u00e3o XIV pode, como se diz entre fi\u00e9is cat\u00f3licos, descobrir um santo para cobrir outro.<\/p>\n<p>Ficariam ao relento a agenda progressista na esfera cultural, inclusive as demandas por maior igualdade de g\u00eanero dentro da pr\u00f3pria igreja e que, timidamente, come\u00e7aram a ser endere\u00e7adas pelo seu antecessor, o papa Francisco.<\/p>\n<p>Enquanto isso, no Brasil, esperar que surja uma democracia crist\u00e3 para se contrapor ao bolsonarismo equivale a acreditar que Jos\u00e9 Maria Eymael, aquele do meme e l\u00edder do DC, pode ser presidente ap\u00f3s v\u00e1rias tentativas com vota\u00e7\u00e3o irrelevante. Mais f\u00e1cil Nikolas Ferreira e seu fundamentalismo evang\u00e9lico pop-midi\u00e1tico chegar l\u00e1.<\/p>\n<p>Outro ditado diz que santo de casa n\u00e3o faz milagre. Poder\u00e1 Le\u00e3o XIV, com sua origem na Am\u00e9rica do Norte e vida mission\u00e1ria na Am\u00e9rica do Sul e hoje bispo de Roma, nos livrar da tenta\u00e7\u00e3o autorit\u00e1ria? Numa elei\u00e7\u00e3o laica, n\u00e3o h\u00e1 Esp\u00edrito Santo que guie crentes e ateus. Resta-nos apenas a raz\u00e3o, fruto de Deus ou da evolu\u00e7\u00e3o, contra a barb\u00e1rie que os cruzados da extrema direita empreendem a passos largos.<\/p>","protected":false},"excerpt":{"rendered":"<p>\u201cEy, Ey, Eymael! Um democrata crist\u00e3o.\u201d No Brasil, esse jingle de elei\u00e7\u00f5es presidenciais passadas virou meme. Na Europa, democracia crist\u00e3 era coisa s\u00e9ria e funcionou como um ponto de equil\u00edbrio entre o liberalismo cl\u00e1ssico \u2014 na pr\u00e1tica, pai do capitalismo selvagem, sem um contrato social mediado pelo Estado \u2014 e a busca por uma alternativa [&hellip;]<\/p>\n","protected":false},"author":0,"featured_media":0,"comment_status":"open","ping_status":"open","sticky":false,"template":"","format":"standard","meta":[],"categories":[1],"tags":[],"_links":{"self":[{"href":"https:\/\/aprimora.site\/carvalhoalmeidaadvogados\/wp-json\/wp\/v2\/posts\/10913"}],"collection":[{"href":"https:\/\/aprimora.site\/carvalhoalmeidaadvogados\/wp-json\/wp\/v2\/posts"}],"about":[{"href":"https:\/\/aprimora.site\/carvalhoalmeidaadvogados\/wp-json\/wp\/v2\/types\/post"}],"replies":[{"embeddable":true,"href":"https:\/\/aprimora.site\/carvalhoalmeidaadvogados\/wp-json\/wp\/v2\/comments?post=10913"}],"version-history":[{"count":0,"href":"https:\/\/aprimora.site\/carvalhoalmeidaadvogados\/wp-json\/wp\/v2\/posts\/10913\/revisions"}],"wp:attachment":[{"href":"https:\/\/aprimora.site\/carvalhoalmeidaadvogados\/wp-json\/wp\/v2\/media?parent=10913"}],"wp:term":[{"taxonomy":"category","embeddable":true,"href":"https:\/\/aprimora.site\/carvalhoalmeidaadvogados\/wp-json\/wp\/v2\/categories?post=10913"},{"taxonomy":"post_tag","embeddable":true,"href":"https:\/\/aprimora.site\/carvalhoalmeidaadvogados\/wp-json\/wp\/v2\/tags?post=10913"}],"curies":[{"name":"wp","href":"https:\/\/api.w.org\/{rel}","templated":true}]}}