{"id":10865,"date":"2025-05-09T09:20:34","date_gmt":"2025-05-09T12:20:34","guid":{"rendered":"https:\/\/aprimora.site\/carvalhoalmeidaadvogados\/2025\/05\/09\/estudantes-de-direito-visitam-stj-como-parte-de-programa-sobre-equidade-e-atuacao-juridica\/"},"modified":"2025-05-09T09:20:34","modified_gmt":"2025-05-09T12:20:34","slug":"estudantes-de-direito-visitam-stj-como-parte-de-programa-sobre-equidade-e-atuacao-juridica","status":"publish","type":"post","link":"https:\/\/aprimora.site\/carvalhoalmeidaadvogados\/2025\/05\/09\/estudantes-de-direito-visitam-stj-como-parte-de-programa-sobre-equidade-e-atuacao-juridica\/","title":{"rendered":"Estudantes de direito visitam STJ como parte de programa sobre equidade e atua\u00e7\u00e3o jur\u00eddica"},"content":{"rendered":"<p>Estudantes de direito visitam STJ como parte de programa sobre equidade e atua\u00e7\u00e3o jur\u00eddica<\/p>","protected":false},"excerpt":{"rendered":"<p>Estudantes de direito visitam STJ como parte de programa sobre equidade e atua\u00e7\u00e3o jur\u00eddica<\/p>\n","protected":false},"author":0,"featured_media":0,"comment_status":"open","ping_status":"open","sticky":false,"template":"","format":"standard","meta":[],"categories":[1],"tags":[],"_links":{"self":[{"href":"https:\/\/aprimora.site\/carvalhoalmeidaadvogados\/wp-json\/wp\/v2\/posts\/10865"}],"collection":[{"href":"https:\/\/aprimora.site\/carvalhoalmeidaadvogados\/wp-json\/wp\/v2\/posts"}],"about":[{"href":"https:\/\/aprimora.site\/carvalhoalmeidaadvogados\/wp-json\/wp\/v2\/types\/post"}],"replies":[{"embeddable":true,"href":"https:\/\/aprimora.site\/carvalhoalmeidaadvogados\/wp-json\/wp\/v2\/comments?post=10865"}],"version-history":[{"count":0,"href":"https:\/\/aprimora.site\/carvalhoalmeidaadvogados\/wp-json\/wp\/v2\/posts\/10865\/revisions"}],"wp:attachment":[{"href":"https:\/\/aprimora.site\/carvalhoalmeidaadvogados\/wp-json\/wp\/v2\/media?parent=10865"}],"wp:term":[{"taxonomy":"category","embeddable":true,"href":"https:\/\/aprimora.site\/carvalhoalmeidaadvogados\/wp-json\/wp\/v2\/categories?post=10865"},{"taxonomy":"post_tag","embeddable":true,"href":"https:\/\/aprimora.site\/carvalhoalmeidaadvogados\/wp-json\/wp\/v2\/tags?post=10865"}],"curies":[{"name":"wp","href":"https:\/\/api.w.org\/{rel}","templated":true}]}}