{"id":10825,"date":"2025-05-08T20:18:53","date_gmt":"2025-05-08T23:18:53","guid":{"rendered":"https:\/\/aprimora.site\/carvalhoalmeidaadvogados\/2025\/05\/08\/os-planos-do-governo-para-ressarcir-os-aposentados-vitimas-da-fraude-do-inss\/"},"modified":"2025-05-08T20:18:53","modified_gmt":"2025-05-08T23:18:53","slug":"os-planos-do-governo-para-ressarcir-os-aposentados-vitimas-da-fraude-do-inss","status":"publish","type":"post","link":"https:\/\/aprimora.site\/carvalhoalmeidaadvogados\/2025\/05\/08\/os-planos-do-governo-para-ressarcir-os-aposentados-vitimas-da-fraude-do-inss\/","title":{"rendered":"Os planos do governo para ressarcir os aposentados v\u00edtimas da fraude do INSS"},"content":{"rendered":"<p>O governo federal come\u00e7a na pr\u00f3xima semana as etapas para o ressarcimento dos aposentados e pensionistas lesados por fraudes no <a href=\"https:\/\/www.jota.info\/tudo-sobre\/inss\">INSS<\/a>. Embora ainda n\u00e3o tenha uma data certa para os pagamentos ca\u00edrem nas contas dos benefici\u00e1rios, algumas medidas come\u00e7aram a ser adotadas para o procedimento. O an\u00fancio foi feito nesta quinta-feira (8\/5) no Pal\u00e1cio do Planalto, que contou com a participa\u00e7\u00e3o dos ministros Jorge Messias (<a href=\"https:\/\/www.jota.info\/tudo-sobre\/agu\">AGU<\/a>), Vinicius Marques de Carvalho (<a href=\"https:\/\/www.jota.info\/tudo-sobre\/cgu\">CGU<\/a>), Wolney Queiroz (<a href=\"https:\/\/www.jota.info\/tudo-sobre\/ministerio-da-previdencia\">Previd\u00eancia Social<\/a>) e o presidente do INSS, Gilberto Waller.<\/p>\n<p>Segundo os membros do governo federal, a partir da pr\u00f3xima semana os benefici\u00e1rios ser\u00e3o comunicados sobre os passos. C\u00e1lculos do INSS demonstram que 27 milh\u00f5es de aposentados e pensionistas n\u00e3o foram lesados. Contudo, 9 milh\u00f5es podem ter sido v\u00edtimas, por isso, no dia 13 de maio, esses benefici\u00e1rios ser\u00e3o informados sobre descontos associativos e eles devem reconhecer ou n\u00e3o o decr\u00e9scimo em folha pelos canais oficiais do INSS (Meu INSS e n\u00famero telef\u00f4nico 135). O benefici\u00e1rio n\u00e3o vai precisar comprovar que n\u00e3o tinha o v\u00ednculo, apenas deve comunicar.<\/p>\n<h3><a href=\"https:\/\/conteudo.jota.info\/marketing-lp-newsletter-ultimas-noticias?utm_source=jota&amp;utm_medium=lp&amp;utm_campaign=23-09-2024-jota-lp-eleicoes-2024-eleicoes-2024-none-audiencias-none&amp;utm_content=eleicoes-2024&amp;utm_term=none\"><span>Assine gratuitamente a newsletter \u00daltimas Not\u00edcias do <span class=\"jota\">JOTA<\/span> e receba as principais not\u00edcias jur\u00eddicas e pol\u00edticas do dia no seu email<\/span><\/a><\/h3>\n<p>O presidente do INSS, Gilberto Waller, ressaltou que os benefici\u00e1rios n\u00e3o devem entregar documentos por outros canais que n\u00e3o sejam os oficiais.<\/p>\n<p>Ap\u00f3s o reconhecimento da fraude, as entidades ter\u00e3o 15 dias para comprovar o v\u00ednculo do associado, apresentar a autoriza\u00e7\u00e3o do desconto e a identidade do associado. Se n\u00e3o comprovar, a entidade ter\u00e1 que devolver os valores ao INSS que repassar\u00e1 aos benefici\u00e1rios. Caso n\u00e3o ocorra, os benefici\u00e1rios dever\u00e3o aguardar as a\u00e7\u00f5es da AGU.<\/p>\n<p>Na pr\u00f3xima semana, a AGU deve apresentar o Plano de Ressarcimento Especial aos Aposentados \u2013 possivelmente a Uni\u00e3o cobrir\u00e1 os preju\u00edzos e depois cobrar\u00e1 das entidades os valores desviados. A AGU j\u00e1 pediu na Justi\u00e7a o bloqueio de R$ 2,56 bilh\u00f5es de 12 entidades e dirigentes envolvidos no esc\u00e2ndalo.<\/p>\n<h3>Veja a lista das entidades:<\/h3>\n<p>\u00a0Associa\u00e7\u00e3o dos Aposentados e Pensionistas do Brasil (Aapb)<br \/>\nUniverso Associa\u00e7\u00e3o dos Aposentados e Pensionistas dos Regimes Geral Da Previd\u00eancia Social (Aapps Universo)<br \/>\nAssocia\u00e7\u00e3o de Aposentados Mutualista Para Benef\u00edcios Coletivos \u2013 Ambec<br \/>\n\u00a0\u00a0Confedera\u00e7\u00e3o Brasileira dos Trabalhadores Da Pesca e Aquicultura (Cbpa)<br \/>\n\u00a0\u00a0Uni\u00e3o Nacional de Aux\u00edlio aos Servidores P\u00fablicos (Unaspub)<br \/>\n\u00a0\u00a0Associa\u00e7\u00e3o dos Aposentados e Pensionistas Nacional (Aapen), Anteriormente denominada de Associa\u00e7\u00e3o Brasileira dos Servidores P\u00fablicos (Absp)<br \/>\n\u00a0\u00a0Asbrapi \u2013 Associa\u00e7\u00e3o Brasileira dos Aposentados, Pensionistas e Idosos<br \/>\n\u00a0\u00a0Associa\u00e7\u00e3o de Suporte Assistencial e Beneficente Para Aposentados Servidores e Pensionistas do Brasil \u2013 Asabasp<br \/>\n\u00a0\u00a0Associa\u00e7\u00e3o No Brasil de Aposentados e Pensionistas Da Previd\u00eancia Social \u2013 Apbrasil,<br \/>\n\u00a0\u00a0Centro de estudos dos Benef\u00edcios dos Aposentados e Pensionistas \u2013 Cebap<br \/>\n\u00a0\u00a0Apdap Prev \u2013 Associa\u00e7\u00e3o de Prote\u00e7\u00e3o e defesa dos Direitos dos Aposentados e Pensionistas<br \/>\n\u00a0\u00a0Caixa de Assist\u00eancia aos Aposentados e Pensionistas \u2013 Caap<\/p>","protected":false},"excerpt":{"rendered":"<p>O governo federal come\u00e7a na pr\u00f3xima semana as etapas para o ressarcimento dos aposentados e pensionistas lesados por fraudes no INSS. Embora ainda n\u00e3o tenha uma data certa para os pagamentos ca\u00edrem nas contas dos benefici\u00e1rios, algumas medidas come\u00e7aram a ser adotadas para o procedimento. O an\u00fancio foi feito nesta quinta-feira (8\/5) no Pal\u00e1cio do [&hellip;]<\/p>\n","protected":false},"author":0,"featured_media":0,"comment_status":"open","ping_status":"open","sticky":false,"template":"","format":"standard","meta":[],"categories":[1],"tags":[],"_links":{"self":[{"href":"https:\/\/aprimora.site\/carvalhoalmeidaadvogados\/wp-json\/wp\/v2\/posts\/10825"}],"collection":[{"href":"https:\/\/aprimora.site\/carvalhoalmeidaadvogados\/wp-json\/wp\/v2\/posts"}],"about":[{"href":"https:\/\/aprimora.site\/carvalhoalmeidaadvogados\/wp-json\/wp\/v2\/types\/post"}],"replies":[{"embeddable":true,"href":"https:\/\/aprimora.site\/carvalhoalmeidaadvogados\/wp-json\/wp\/v2\/comments?post=10825"}],"version-history":[{"count":0,"href":"https:\/\/aprimora.site\/carvalhoalmeidaadvogados\/wp-json\/wp\/v2\/posts\/10825\/revisions"}],"wp:attachment":[{"href":"https:\/\/aprimora.site\/carvalhoalmeidaadvogados\/wp-json\/wp\/v2\/media?parent=10825"}],"wp:term":[{"taxonomy":"category","embeddable":true,"href":"https:\/\/aprimora.site\/carvalhoalmeidaadvogados\/wp-json\/wp\/v2\/categories?post=10825"},{"taxonomy":"post_tag","embeddable":true,"href":"https:\/\/aprimora.site\/carvalhoalmeidaadvogados\/wp-json\/wp\/v2\/tags?post=10825"}],"curies":[{"name":"wp","href":"https:\/\/api.w.org\/{rel}","templated":true}]}}