{"id":10783,"date":"2025-05-06T22:23:52","date_gmt":"2025-05-07T01:23:52","guid":{"rendered":"https:\/\/aprimora.site\/carvalhoalmeidaadvogados\/2025\/05\/06\/competencia-para-julgar-crime-contra-planta-ameacada-de-extincao-e-um-dos-temas-do-novo-informativo\/"},"modified":"2025-05-06T22:23:52","modified_gmt":"2025-05-07T01:23:52","slug":"competencia-para-julgar-crime-contra-planta-ameacada-de-extincao-e-um-dos-temas-do-novo-informativo","status":"publish","type":"post","link":"https:\/\/aprimora.site\/carvalhoalmeidaadvogados\/2025\/05\/06\/competencia-para-julgar-crime-contra-planta-ameacada-de-extincao-e-um-dos-temas-do-novo-informativo\/","title":{"rendered":"Compet\u00eancia para julgar crime contra planta amea\u00e7ada de extin\u00e7\u00e3o \u00e9 um dos temas do novo Informativo"},"content":{"rendered":"<p>Compet\u00eancia para julgar crime contra planta amea\u00e7ada de extin\u00e7\u00e3o \u00e9 um dos temas do novo Informativo<\/p>","protected":false},"excerpt":{"rendered":"<p>Compet\u00eancia para julgar crime contra planta amea\u00e7ada de extin\u00e7\u00e3o \u00e9 um dos temas do novo Informativo<\/p>\n","protected":false},"author":0,"featured_media":0,"comment_status":"open","ping_status":"open","sticky":false,"template":"","format":"standard","meta":[],"categories":[1],"tags":[],"_links":{"self":[{"href":"https:\/\/aprimora.site\/carvalhoalmeidaadvogados\/wp-json\/wp\/v2\/posts\/10783"}],"collection":[{"href":"https:\/\/aprimora.site\/carvalhoalmeidaadvogados\/wp-json\/wp\/v2\/posts"}],"about":[{"href":"https:\/\/aprimora.site\/carvalhoalmeidaadvogados\/wp-json\/wp\/v2\/types\/post"}],"replies":[{"embeddable":true,"href":"https:\/\/aprimora.site\/carvalhoalmeidaadvogados\/wp-json\/wp\/v2\/comments?post=10783"}],"version-history":[{"count":0,"href":"https:\/\/aprimora.site\/carvalhoalmeidaadvogados\/wp-json\/wp\/v2\/posts\/10783\/revisions"}],"wp:attachment":[{"href":"https:\/\/aprimora.site\/carvalhoalmeidaadvogados\/wp-json\/wp\/v2\/media?parent=10783"}],"wp:term":[{"taxonomy":"category","embeddable":true,"href":"https:\/\/aprimora.site\/carvalhoalmeidaadvogados\/wp-json\/wp\/v2\/categories?post=10783"},{"taxonomy":"post_tag","embeddable":true,"href":"https:\/\/aprimora.site\/carvalhoalmeidaadvogados\/wp-json\/wp\/v2\/tags?post=10783"}],"curies":[{"name":"wp","href":"https:\/\/api.w.org\/{rel}","templated":true}]}}