{"id":10677,"date":"2025-04-30T20:46:07","date_gmt":"2025-04-30T23:46:07","guid":{"rendered":"https:\/\/aprimora.site\/carvalhoalmeidaadvogados\/2025\/04\/30\/governo-aposta-em-alcolumbre-para-evitar-que-uniao-progressistas-abrace-a-oposicao-a-lula\/"},"modified":"2025-04-30T20:46:07","modified_gmt":"2025-04-30T23:46:07","slug":"governo-aposta-em-alcolumbre-para-evitar-que-uniao-progressistas-abrace-a-oposicao-a-lula","status":"publish","type":"post","link":"https:\/\/aprimora.site\/carvalhoalmeidaadvogados\/2025\/04\/30\/governo-aposta-em-alcolumbre-para-evitar-que-uniao-progressistas-abrace-a-oposicao-a-lula\/","title":{"rendered":"Governo aposta em Alcolumbre para evitar que Uni\u00e3o-Progressistas abrace a oposi\u00e7\u00e3o a Lula"},"content":{"rendered":"<p>O governo conta com a for\u00e7a do presidente do Senado, <a href=\"https:\/\/www.jota.info\/content\/info\/davi-alcolumbre-e-o-novo-presidente-do-senado\">Davi Alcolumbre<\/a> (Uni\u00e3o-AP), para evitar que a federa\u00e7\u00e3o Uni\u00e3o-PP abrace a oposi\u00e7\u00e3o nas elei\u00e7\u00f5es presidenciais de 2026. Formalizado nesta ter\u00e7a-feira, o acordo cria a maior bancada do Congresso, com 107 deputados e 14 senadores. O agrupamento ter\u00e1 uma maior fatia do fundo partid\u00e1rio e poder\u00e1 vender mais caro sua ades\u00e3o a candidaturas na elei\u00e7\u00e3o do ano que vem.<\/p>\n<p>No Pal\u00e1cio do Planalto, h\u00e1 ci\u00eancia da for\u00e7a que a federa\u00e7\u00e3o Uni\u00e3o-PP ter\u00e1 na elei\u00e7\u00e3o e sua import\u00e2ncia para a governabilidade. Mas tamb\u00e9m h\u00e1 muita d\u00favida sobre se ela conseguir\u00e1 efetivamente se viabilizar. J\u00e1 fragmentado por interesses contradit\u00f3rios entre seus integrantes, o Uni\u00e3o Brasil acrescentar\u00e1 o PP \u00e0 sua receita de conflitos. A come\u00e7ar pelos pol\u00edticos mais influentes desses dois partidos, \u00e9 uma mistura dif\u00edcil de dar liga.<\/p>\n<h3><a href=\"https:\/\/www.jota.info\/produtos\/poder?utm_source=cta-site&amp;utm_medium=site&amp;utm_campaign=campanha_poder_q2&amp;utm_id=cta_texto_poder_q2_2023&amp;utm_term=cta_texto_poder&amp;utm_term=cta_texto_poder_meio_materias\">Este conte\u00fado foi antecipado para os assinantes corporativos do <span class=\"jota\">JOTA<\/span> PRO Poder, uma plataforma de monitoramento pol\u00edtico com informa\u00e7\u00f5es de bastidores que oferece mais transpar\u00eancia e previsibilidade para empresas. Conhe\u00e7a<\/a><\/h3>\n<p>De um lado, est\u00e1 o presidente do PP, senador Ciro Nogueira (PI), ex-ministro da Casa Civil de Jair Bolsonaro (PL) e um dos grandes entusiastas de uma candidatura do governador de S\u00e3o Paulo, Tarc\u00edsio de Freitas (Republicanos), ao Pal\u00e1cio do Planalto em 2026. Oriundo do estado mais lulista da popula\u00e7\u00e3o, Nogueira ter\u00e1 o mandato de senador encerrado no ano que vem e sua maior chance de permanecer com a atual relev\u00e2ncia no cen\u00e1rio nacional \u00e9 ocupar uma vice de Tarc\u00edsio ou do candidato bolsonarista \u00e0 Presid\u00eancia.<\/p>\n<p>De outro, est\u00e1 Davi Alcolumbre, que chegou a ser visto com ressalvas pelo governo quando Rodrigo Pacheco (PSD-MG) ainda presidia o Senado. Hoje, o senador amapaense \u00e9 considerado um aliado estrat\u00e9gico pelo presidente Luiz In\u00e1cio Lula da Silva (PT) e o Pal\u00e1cio do Planalto, com peso pol\u00edtico suficiente para barrar \u201cpautas hostis\u201d no Senado. Espera-se, assim, que ele ajude a evitar o desembarque dessa parte do centr\u00e3o do governo e um alinhamento a uma candidatura opositora em 2026.<\/p>\n<p>Alcolumbre vem liderando o di\u00e1logo com o Supremo Tribunal Federal (STF) sobre uma proposta alternativa \u00e0 anistia aos envolvidos nos atos golpistas do 8 de janeiro. Embora busque n\u00e3o se envolver diretamente na controv\u00e9rsia, o Planalto quer evitar que Bolsonaro e seus auxiliares mais pr\u00f3ximos sejam beneficiados pela nova lei. A proposta gestada por Alcolumbre tende a ir nesse sentido.<\/p>\n<p>O presidente do Senado tamb\u00e9m foi fundamental para encerrar a crise em torno do Minist\u00e9rio das Comunica\u00e7\u00f5es, depois da desist\u00eancia do deputado Pedro Lucas (Uni\u00e3o-MA), que, de maneira vexat\u00f3ria para Lula, recusou em p\u00fablico um convite que j\u00e1 havia aceitado. Alcolumbre acabou indicando Frederico de Siqueira Filho, ent\u00e3o presidente da Telebras, para o posto.<\/p>\n<p>N\u00e3o por acaso, Lula vem fazendo afagos ao senador. No m\u00eas passado, ele fez parte da comitiva presidencial em uma pomposa visita de Estado ao Jap\u00e3o. No \u00faltimo fim de semana, acompanhou Lula no funeral do papa Francisco.<\/p>\n<p>Mas os gestos de Lula a Alcolumbre n\u00e3o devem ficar apenas no simb\u00f3lico. Fontes no Planalto do Planalto d\u00e3o como certo o aval do presidente para a explora\u00e7\u00e3o de petr\u00f3leo na margem equatorial, pr\u00f3xima \u00e0 foz do Rio Amazonas, e creem que resta apenas escolher o momento certo para o an\u00fancio. Talvez seja necess\u00e1rio esperar a reuni\u00e3o da COP30, confer\u00eancia clim\u00e1tica que ocorrer\u00e1 em Bel\u00e9m em novembro e que tem colocado a pol\u00edtica ambiental brasileira sob os holofotes do mundo.<\/p>\n<p>Alguns interlocutores do presidente chegam a afirmar que a decis\u00e3o \u201cj\u00e1 est\u00e1 tomada\u201d. Negar essa autoriza\u00e7\u00e3o seria contrariar os interesses daquele que \u00e9 provavelmente hoje o parlamentar mais poderoso no Congresso, em um contexto em que o governo tem uma base fr\u00e1gil, com o presidente com popularidade baixa e pouca margem para manejar o Or\u00e7amento.<\/p>","protected":false},"excerpt":{"rendered":"<p>O governo conta com a for\u00e7a do presidente do Senado, Davi Alcolumbre (Uni\u00e3o-AP), para evitar que a federa\u00e7\u00e3o Uni\u00e3o-PP abrace a oposi\u00e7\u00e3o nas elei\u00e7\u00f5es presidenciais de 2026. Formalizado nesta ter\u00e7a-feira, o acordo cria a maior bancada do Congresso, com 107 deputados e 14 senadores. O agrupamento ter\u00e1 uma maior fatia do fundo partid\u00e1rio e poder\u00e1 [&hellip;]<\/p>\n","protected":false},"author":0,"featured_media":0,"comment_status":"open","ping_status":"open","sticky":false,"template":"","format":"standard","meta":[],"categories":[1],"tags":[],"_links":{"self":[{"href":"https:\/\/aprimora.site\/carvalhoalmeidaadvogados\/wp-json\/wp\/v2\/posts\/10677"}],"collection":[{"href":"https:\/\/aprimora.site\/carvalhoalmeidaadvogados\/wp-json\/wp\/v2\/posts"}],"about":[{"href":"https:\/\/aprimora.site\/carvalhoalmeidaadvogados\/wp-json\/wp\/v2\/types\/post"}],"replies":[{"embeddable":true,"href":"https:\/\/aprimora.site\/carvalhoalmeidaadvogados\/wp-json\/wp\/v2\/comments?post=10677"}],"version-history":[{"count":0,"href":"https:\/\/aprimora.site\/carvalhoalmeidaadvogados\/wp-json\/wp\/v2\/posts\/10677\/revisions"}],"wp:attachment":[{"href":"https:\/\/aprimora.site\/carvalhoalmeidaadvogados\/wp-json\/wp\/v2\/media?parent=10677"}],"wp:term":[{"taxonomy":"category","embeddable":true,"href":"https:\/\/aprimora.site\/carvalhoalmeidaadvogados\/wp-json\/wp\/v2\/categories?post=10677"},{"taxonomy":"post_tag","embeddable":true,"href":"https:\/\/aprimora.site\/carvalhoalmeidaadvogados\/wp-json\/wp\/v2\/tags?post=10677"}],"curies":[{"name":"wp","href":"https:\/\/api.w.org\/{rel}","templated":true}]}}