{"id":10571,"date":"2025-04-25T20:27:00","date_gmt":"2025-04-25T23:27:00","guid":{"rendered":"https:\/\/aprimora.site\/carvalhoalmeidaadvogados\/2025\/04\/25\/reforma-ministerial-esta-adormecida-diz-lider-do-pt-no-senado\/"},"modified":"2025-04-25T20:27:00","modified_gmt":"2025-04-25T23:27:00","slug":"reforma-ministerial-esta-adormecida-diz-lider-do-pt-no-senado","status":"publish","type":"post","link":"https:\/\/aprimora.site\/carvalhoalmeidaadvogados\/2025\/04\/25\/reforma-ministerial-esta-adormecida-diz-lider-do-pt-no-senado\/","title":{"rendered":"Reforma ministerial est\u00e1 \u2018adormecida\u2019, diz l\u00edder do PT no Senado"},"content":{"rendered":"<p>O senador <a href=\"https:\/\/www.jota.info\/tudo-sobre\/rogerio-carvalho\">Rog\u00e9rio Carvalho<\/a> (PT-SE), l\u00edder do partido na Casa, avaliou em entrevista ao <strong><span class=\"jota\">JOTA<\/span><\/strong> que parte do problema enfrentado pelo atual governo de Luiz In\u00e1cio <a href=\"https:\/\/www.jota.info\/tudo-sobre\/lula\">Lula<\/a> da Silva se d\u00e1 porque \u201ca maioria das lideran\u00e7as que ocupam cargos do executivo do governo federal, n\u00e3o defende o governo nos estados\u201d. Para ele, \u201cno governo anterior, a maioria era 100% alinhada\u201d, sendo essa uma reflex\u00e3o que precisa ser feita pelo presidente.<\/p>\n<p><span>O senador tamb\u00e9m disse que a discuss\u00e3o sobre uma reforma ministerial \u201cest\u00e1 adormecida\u201d e que Lula \u00e9 apoiado pela \u201cmaioria absoluta\u201d do Partido dos Trabalhadores para a elei\u00e7\u00e3o de 2026.<\/span><\/p>\n<p><span>O petista comentou o epis\u00f3dio recente em que o l\u00edder do Uni\u00e3o Brasil na C\u00e2mara, deputado Pedro Lucas (MA), recusou o convite do governo para assumir o <a href=\"https:\/\/www.jota.info\/tudo-sobre\/ministerio-das-comunicacoes\">Minist\u00e9rio das Comunica\u00e7\u00f5es<\/a>. Para ele, o comportamento demonstrou uma \u201cinfantilidade\u201d, mas que n\u00e3o teria rela\u00e7\u00e3o com a articula\u00e7\u00e3o pol\u00edtica, comandada pela ex-presidente do PT e atual ministra Gleisi Hoffmann, e tampouco evidenciaria alguma fragilidade do governo.<\/span><\/p>\n<h3><a href=\"https:\/\/www.jota.info\/produtos\/poder?utm_source=cta-site&amp;utm_medium=site&amp;utm_campaign=campanha_poder_q2&amp;utm_id=cta_texto_poder_q2_2023&amp;utm_term=cta_texto_poder&amp;utm_term=cta_texto_poder_meio_materias\"><span>Conhe\u00e7a o <span class=\"jota\">JOTA<\/span> PRO Poder, plataforma de monitoramento que oferece transpar\u00eancia e previsibilidade para empresas<\/span><\/a><\/h3>\n<p>Carvalho falou ainda sobre a atual disputa interna para as elei\u00e7\u00f5es do PT, na qual apoia e v\u00ea favoritismo de Edinho Silva, ex-prefeito de Araraquara<span>. Defendeu a reforma do Imposto de Renda da Pessoa F\u00edsica (IRPF) com a taxa\u00e7\u00e3o dos mais ricos. E v\u00ea possibilidade de avan\u00e7o tanto nos temas da figura do devedor contumaz e da autonomia administrativa e financeira do Banco Central. J\u00e1 sobre o projeto de anistia aos envolvidos na tentativa de golpe em janeiro de 2023, o l\u00edder n\u00e3o enxerga avan\u00e7o. <\/span><\/p>\n<p><strong>Confira o ponto a ponto da entrevista:<\/strong><\/p>\n<h3>Reforma ministerial e quest\u00e3o regional<\/h3>\n<p><span>\u201cEu n\u00e3o sei o que est\u00e1 na cabe\u00e7a do presidente em termos de reforma ministerial. Isso \u00e9 uma coisa muito do titular. Esse neg\u00f3cio de reforma, de certa forma, est\u00e1 adormecido\u201d. Para ele, a ideia de reforma \u201cajuda um pouco, mas n\u00e3o \u00e9 decisivo\u201d.\u00a0<\/span><\/p>\n<p><span>\u201cO governo Lula n\u00e3o terceirizou a economia, tentou resgatar e tem tentado resgatar o controle sobre o or\u00e7amento, mas abriu m\u00e3o de grandes espa\u00e7os pol\u00edticos. Ent\u00e3o, parte do problema, no meu modo de ver, \u00e9 que nos estados, aquele que deveria ser \u2018o cara do governo\u2019, n\u00e3o tem interesse de mostrar-se como \u2018o cara do governo\u2019\u201d.\u00a0<\/span><\/p>\n<p><span>\u201cA maioria das lideran\u00e7as que ocupam cargos do executivo do governo federal [minist\u00e9rios], nos estados, n\u00e3o defendem o governo, n\u00e3o assumem as bandeiras do governo e n\u00e3o est\u00e3o alinhados 100% com o governo. No caso do governo Bolsonaro, governo anterior, a maioria era 100% alinhada e defendia\u201d.<\/span><\/p>\n<p><span>\u201cEssa \u00e9 uma quest\u00e3o que o presidente Lula, e todos que est\u00e3o na coordena\u00e7\u00e3o pol\u00edtica, precisam refletir. \u00c9 uma quest\u00e3o de concep\u00e7\u00e3o de como se monta um governo depois de oito anos de vac\u00e2ncia de um executivo forte. O problema est\u00e1 na pol\u00edtica. O governo Lula, na concep\u00e7\u00e3o cl\u00e1ssica de um governo de coaliz\u00e3o, chama quem participa da coaliz\u00e3o para governar junto\u201d.\u00a0<\/span><\/p>\n<h3>Reforma do IR<\/h3>\n<p><span>\u201cComo um ser coletivo, a gente pode falar que todos querem [aprovar a reforma do IR]. No entanto, como querem compensar \u00e9 que h\u00e1 diverg\u00eancias\u201d.\u00a0<\/span><\/p>\n<p><span>Em rela\u00e7\u00e3o \u00e0 proposta alternativa \u00e0 compensa\u00e7\u00e3o, apresentada pelo presidente do PP, senador Ciro Nogueira (PI), que prev\u00ea o aumento de 5% da CSLL dos bancos com lucro superior a R$ 1 bilh\u00e3o e a eleva\u00e7\u00e3o de R$ 50 mil para R$ 150 mil na faixa de renda que ter\u00e1 uma al\u00edquota m\u00ednima de IRPF, Carvalho diz: \u201ctudo bem, eles v\u00e3o aumentar a al\u00edquota? Eles v\u00e3o bancar isso para o andar de cima? Se eles bancarem, vai ter mais justi\u00e7a tribut\u00e1ria\u201d.\u00a0<\/span><\/p>\n<p><span>Ele afirmou, tamb\u00e9m, que n\u00e3o h\u00e1 risco de o governo aceitar que a reforma do imposto de renda seja feita sem uma medida compensat\u00f3ria. \u201cPela lei [de responsabilidade fiscal], voc\u00ea n\u00e3o pode desonerar sem ter receita para colocar no lugar\u201d.<\/span><\/p>\n<h3><a href=\"https:\/\/conteudo.jota.info\/marketing-lp-newsletter-ultimas-noticias?utm_source=jota&amp;utm_medium=lp&amp;utm_campaign=23-09-2024-jota-lp-eleicoes-2024-eleicoes-2024-none-audiencias-none&amp;utm_content=eleicoes-2024&amp;utm_term=none\"><span>Assine gratuitamente a newsletter \u00daltimas Not\u00edcias do <span class=\"jota\">JOTA<\/span> e receba as principais not\u00edcias jur\u00eddicas e pol\u00edticas do dia no seu email<\/span><\/a><\/h3>\n<h3>Devedor contumaz<\/h3>\n<p><span>Sobre os dois projetos que tratam da caracteriza\u00e7\u00e3o do devedor contumaz, o PLP 125\/2022 e o PLP 164\/22, relatados respectivamente pelos senadores Efraim Filho (Uni\u00e3o Brasil-PB) e Veneziano Vital do R\u00eago (MDB-PB), Rog\u00e9rio Carvalho disse que os dois devem ser votados.\u00a0<\/span><\/p>\n<p><span>\u201cUm trata do mercado de combust\u00edveis [PLP 164\/22] e o outro trata de uma coisa mais ampla. Tira contradi\u00e7\u00e3o entre um e outro e eles se complementam. Esse \u00e9 um encaminhamento pol\u00edtico que vai ser consolidado esta semana para sairmos do impasse.\u201d\u00a0<\/span><\/p>\n<h3>PEC da autonomia do Banco Central<\/h3>\n<p><span>\u201cEu acho que esse ano sai. Isso \u00e9 um debate que vai ser finalizado. N\u00e3o estou entrando no m\u00e9rito de como isso vai se dar, estou dizendo que tem um consenso de ter autonomia administrativa e financeira.\u201d<\/span><\/p>\n<p><span>\u201cO Banco Central hoje opera uma s\u00e9rie de produtos, por exemplo o PIX, milh\u00f5es de opera\u00e7\u00f5es por m\u00eas. Tem uma a\u00e7\u00e3o hoje mais ampla, al\u00e9m de regula\u00e7\u00e3o, fiscaliza\u00e7\u00e3o. Quem define as coisas \u00e9 o Conselho Monet\u00e1rio Nacional. Ele define a meta da infla\u00e7\u00e3o, define o jeito de funcionamento do Banco Central. A autonomia \u00e9 submetida a um conselho e o conselho n\u00e3o \u00e9 de brincadeira.\u201d<\/span><\/p>\n<h3>Elei\u00e7\u00f5es de 2026 \u2013 Tarc\u00edsio de Freitas<\/h3>\n<p><span>\u201cN\u00f3s j\u00e1 tivemos pol\u00edticos com uma trajet\u00f3ria muito maior e que n\u00e3o tiveram sucesso vindo de S\u00e3o Paulo. N\u00e3o \u00e9 porque eles est\u00e3o vindo de S\u00e3o Paulo. Veja, o Jos\u00e9 Serra foi candidato, o Alckmin, duas vezes. N\u00e3o estou falando de qualquer lideran\u00e7a ou quaisquer lideran\u00e7as. Estou falando de pessoas que tinham trajet\u00f3ria pol\u00edtica. Claro que hoje isso conta menos, mas vieram de S\u00e3o Paulo. Bem avaliados, inclusive.\u201d\u00a0<\/span><\/p>\n<p><span>\u201cNesses tempos, qualquer um pode ser uma amea\u00e7a. Um outsider pode ser uma amea\u00e7a. N\u00e3o \u00e9 disso que n\u00f3s estamos falando. N\u00e3o funciona assim, \u00e9 uma coisa muito mais complexa para uma elei\u00e7\u00e3o presidencial. Na pol\u00edtica, tudo \u00e9 uma amea\u00e7a. Mas tudo tamb\u00e9m n\u00e3o \u00e9 absoluto. E n\u00e3o tem advers\u00e1rio fraco nem advers\u00e1rio imbat\u00edvel.\u201d<\/span><\/p>\n<h3>Elei\u00e7\u00e3o interna do PT<\/h3>\n<p><span>\u201cVai ser uma elei\u00e7\u00e3o dura para quem for disputar. Eu sou candidato a presidente do meu estado e apoio o Edinho [Silva]. \u00c9 uma elei\u00e7\u00e3o dif\u00edcil, dura. \u00c9 uma elei\u00e7\u00e3o onde a milit\u00e2ncia participa, onde tem debate, onde tem disputa.\u201d<\/span><\/p>\n<p><span>\u201cO Lula ainda n\u00e3o entrou no jogo. Ele n\u00e3o est\u00e1 se metendo, mas ele \u00e9 uma for\u00e7a. Ali\u00e1s, \u00e9 a for\u00e7a do PT. Nos pr\u00f3ximos 30 dias, muita coisa vai se definir no PT, esse m\u00eas de maio \u00e9 muito importante para a disputa interna porque \u00e9 quando as coisas come\u00e7am a se desenhar.\u201d<\/span><\/p>\n<h3>Minist\u00e9rio das Comunica\u00e7\u00f5es e recusa de Pedro Lucas<\/h3>\n<p><span>\u201cIsso a\u00ed \u00e9 uma idiossincrasia do Uni\u00e3o Brasil. N\u00e3o \u00e9 uma coisa do governo com o Uni\u00e3o Brasil. O Uni\u00e3o Brasil precisa saber o que quer. Eles indicaram o nome ao Lula.\u201d<\/span><\/p>\n<p><span>\u201cO governo \u00e9 v\u00edtima de uma descortesia de um partido que apresenta o nome e depois tira. Parece coisa de col\u00e9gio, de adolescente, de colegial. N\u00e3o tem nada a ver com articula\u00e7\u00e3o pol\u00edtica [\u2026] Para mim \u00e9 uma infantilidade. A pol\u00edtica n\u00e3o \u00e9 para iniciantes e n\u00e3o cabe birra\u201d. A fala ocorreu antes da negocia\u00e7\u00e3o do novo indicado do partido ao cargo, Frederico Siqueira Filho, empres\u00e1rio e presidente da Telebras.\u00a0<\/span><\/p>\n<h3>Tarifa\u00e7o de Trump<\/h3>\n<p><span>\u201cA gente est\u00e1 vivendo na maior instabilidade de mercado de capitais dos \u00faltimos 50 anos, no m\u00ednimo. O que o Trump est\u00e1 fazendo \u00e9 a coisa mais radical e destrutiva do p\u00f3s-guerra. Que cen\u00e1rio vamos viver? Sabe o que ser\u00e1 daqui 90 dias? Ele vai recuar ou ele vai querer conter a autoridade dele? Ningu\u00e9m acredita mais nos Estados Unidos. O Trump quer ser o Putin. Eu nunca vi um capitalista querer imitar um l\u00edder do leste. O Trump, o presidente dos Estados Unidos que tem como imagem objetiva para ele, pessoalmente, o Putin.\u201d<\/span><\/p>\n<h3><a href=\"https:\/\/whatsapp.com\/channel\/0029VaFvFd73rZZflK7yGD0I\">Inscreva-se no canal de not\u00edcias do <span class=\"jota\">JOTA<\/span> no WhatsApp e fique por dentro das principais discuss\u00f5es do pa\u00eds!<\/a>\u00a0<span>\u00a0<\/span><\/h3>\n<h3>PL da Anistia<\/h3>\n<p><span>\u201cAcho que vai ser dif\u00edcil avan\u00e7ar. Apesar de toda a movimenta\u00e7\u00e3o que est\u00e1 acontecendo, h\u00e1 uma resist\u00eancia grande daqueles que t\u00eam mais compromisso com a democracia, com a institucionalidade do pa\u00eds. N\u00f3s n\u00e3o podemos normalizar uma tentativa de golpe.\u201d<\/span><\/p>\n<p><span>\u201cEles [oposi\u00e7\u00e3o] s\u00f3 t\u00eam uma inten\u00e7\u00e3o, salvar o Bolsonaro. Ali\u00e1s, o Bolsonaro, ao longo da sua hist\u00f3ria, ele s\u00f3 busca a sua salva\u00e7\u00e3o. Ele larga todo mundo aos le\u00f5es, \u00e0s feras. Se ele pudesse dar a cabe\u00e7a de todo mundo pra salvar a dele, mas ele daria sem nenhuma piedade.\u201d<\/span><\/p>\n<p><span>Ele afirmou, ainda, que a discuss\u00e3o n\u00e3o tem paralisado o funcionamento das atividades do governo. \u201cN\u00e3o paralisou a vota\u00e7\u00e3o do or\u00e7amento, n\u00e3o paralisou o in\u00edcio do debate sobre, por exemplo, imposto de renda. Est\u00e1 caminhando, n\u00e3o paralisou nada.\u201d<\/span><\/p>","protected":false},"excerpt":{"rendered":"<p>O senador Rog\u00e9rio Carvalho (PT-SE), l\u00edder do partido na Casa, avaliou em entrevista ao JOTA que parte do problema enfrentado pelo atual governo de Luiz In\u00e1cio Lula da Silva se d\u00e1 porque \u201ca maioria das lideran\u00e7as que ocupam cargos do executivo do governo federal, n\u00e3o defende o governo nos estados\u201d. Para ele, \u201cno governo anterior, [&hellip;]<\/p>\n","protected":false},"author":0,"featured_media":0,"comment_status":"open","ping_status":"open","sticky":false,"template":"","format":"standard","meta":[],"categories":[1],"tags":[],"_links":{"self":[{"href":"https:\/\/aprimora.site\/carvalhoalmeidaadvogados\/wp-json\/wp\/v2\/posts\/10571"}],"collection":[{"href":"https:\/\/aprimora.site\/carvalhoalmeidaadvogados\/wp-json\/wp\/v2\/posts"}],"about":[{"href":"https:\/\/aprimora.site\/carvalhoalmeidaadvogados\/wp-json\/wp\/v2\/types\/post"}],"replies":[{"embeddable":true,"href":"https:\/\/aprimora.site\/carvalhoalmeidaadvogados\/wp-json\/wp\/v2\/comments?post=10571"}],"version-history":[{"count":0,"href":"https:\/\/aprimora.site\/carvalhoalmeidaadvogados\/wp-json\/wp\/v2\/posts\/10571\/revisions"}],"wp:attachment":[{"href":"https:\/\/aprimora.site\/carvalhoalmeidaadvogados\/wp-json\/wp\/v2\/media?parent=10571"}],"wp:term":[{"taxonomy":"category","embeddable":true,"href":"https:\/\/aprimora.site\/carvalhoalmeidaadvogados\/wp-json\/wp\/v2\/categories?post=10571"},{"taxonomy":"post_tag","embeddable":true,"href":"https:\/\/aprimora.site\/carvalhoalmeidaadvogados\/wp-json\/wp\/v2\/tags?post=10571"}],"curies":[{"name":"wp","href":"https:\/\/api.w.org\/{rel}","templated":true}]}}