{"id":10263,"date":"2025-04-16T23:47:18","date_gmt":"2025-04-17T02:47:18","guid":{"rendered":"https:\/\/aprimora.site\/carvalhoalmeidaadvogados\/2025\/04\/16\/stf-julga-a-partir-da-proxima-terca-22-4-denuncia-do-nucleo-2-do-inquerito-do-golpe\/"},"modified":"2025-04-16T23:47:18","modified_gmt":"2025-04-17T02:47:18","slug":"stf-julga-a-partir-da-proxima-terca-22-4-denuncia-do-nucleo-2-do-inquerito-do-golpe","status":"publish","type":"post","link":"https:\/\/aprimora.site\/carvalhoalmeidaadvogados\/2025\/04\/16\/stf-julga-a-partir-da-proxima-terca-22-4-denuncia-do-nucleo-2-do-inquerito-do-golpe\/","title":{"rendered":"STF julga a partir da pr\u00f3xima ter\u00e7a (22\/4) den\u00fancia do \u2018N\u00facleo 2\u2019 do inqu\u00e9rito do golpe"},"content":{"rendered":"<p>A 1\u00aa Turma do Supremo Tribunal Federal (<a href=\"https:\/\/www.jota.info\/tudo-sobre\/stf\">STF<\/a>) analisar\u00e1 na pr\u00f3xima semana a den\u00fancia da Procuradoria-Geral da Rep\u00fablica (<a href=\"https:\/\/www.jota.info\/tudo-sobre\/pgr\">PGR<\/a>) contra mais um grupo de acusados de envolvimento em tentativa de golpe de Estado. A acusa\u00e7\u00e3o contra o N\u00facleo 2, que envolve seis denunciados, entre eles o ex-diretor-geral da Pol\u00edcia Rodovi\u00e1ria Federal, Silvinei Vasques, ser\u00e1 julgada nos dias 22 e 23, ter\u00e7a e quarta-feira.<\/p>\n<p>A an\u00e1lise pela Turma est\u00e1 prevista para ocorrer em tr\u00eas sess\u00f5es: no dia 22, pela manh\u00e3, a partir das 9h30, e \u00e0 tarde, \u00e0s 14h, e no dia 23, das 8h \u00e0s 10h.<\/p>\n<h3><a href=\"https:\/\/www.jota.info\/produtos\/poder?utm_source=cta-site&amp;utm_medium=site&amp;utm_campaign=campanha_poder_q2&amp;utm_id=cta_texto_poder_q2_2023&amp;utm_term=cta_texto_poder&amp;utm_term=cta_texto_poder_meio_materias\"><span>Conhe\u00e7a o <span class=\"jota\">JOTA<\/span> PRO Poder, plataforma de monitoramento que oferece transpar\u00eancia e previsibilidade para empresas<\/span><\/a><\/h3>\n<p>O N\u00facleo 2 \u00e9 composto pelos seguintes denunciados:<\/p>\n<p>\u00a0Fernando de Sousa Oliveira, delegado da PF;<br \/>\nFilipe Garcia Martins Pereira, ex-assessor para Assuntos Internacionais da Presid\u00eancia da Rep\u00fablica;<br \/>\nMarcelo Costa C\u00e2mara, coronel da reserva do Ex\u00e9rcito e ex-assessor da Presid\u00eancia da Rep\u00fablica;<br \/>\nMar\u00edlia Ferreira de Alencar, delegada da PF;<br \/>\nM\u00e1rio Fernandes, general da reserva do Ex\u00e9rcito; e<br \/>\nSilvinei Vasques, ex-diretor-geral da PF.<\/p>\n<p>O grupo est\u00e1 associado ao \u201cgerenciamento de a\u00e7\u00f5es\u201d para a concretiza\u00e7\u00e3o dos planos golpistas e foi denunciado pelo procurador-geral da Rep\u00fablica, Paulo Gonet, pelos crimes de tentativa de aboli\u00e7\u00e3o violenta do Estado Democr\u00e1tico de Direito, tentativa de golpe de Estado, envolvimento em organiza\u00e7\u00e3o criminosa armada, dano qualificado e deteriora\u00e7\u00e3o de patrim\u00f4nio tombado.<\/p>\n<p>Nesta fase do processo, a 1\u00aa Turma verificar\u00e1 se a den\u00fancia da PGR atende aos requisitos legais e tem elementos suficientes para a abertura de uma a\u00e7\u00e3o penal. Presidido por Cristiano Zanin, o colegiado tamb\u00e9m \u00e9 composto por Alexandre de Moraes, Luiz Fux, Fl\u00e1vio Dino e C\u00e1rmen L\u00facia.<\/p>\n<h2>Pr\u00f3ximos julgamentos<\/h2>\n<p>A PGR dividiu os 34 denunciados por envolvimento na trama golpista em cinco n\u00facleos. O julgamento da <a href=\"https:\/\/www.jota.info\/stf\/do-supremo\/stf-ao-vivo-julgamento-denuncia-contra-jair-bolsonaro\">den\u00fancia do N\u00facleo 1<\/a>, do qual faz parte o ex-presidente Jair Bolsonaro (PL), foi realizado pela 1\u00aa Turma STF nos dias 25 e 26 de mar\u00e7o. A Turma, de forma un\u00e2nime, decidiu tornar r\u00e9us todos os oito denunciados. Al\u00e9m de Bolsonaro, o grupo tamb\u00e9m inclui o general Braga Netto, o general Augusto Heleno e o ex-chefe da Marinha, almirante Almir Garnier.<\/p>\n<p>A den\u00fancia contra o N\u00facleo 3, associado a a\u00e7\u00f5es t\u00e1ticas e composto apenas por militares da ativa e da reserva, deve ser julgada nos dias 20 e 21 de maio. O recebimento da den\u00fancia contra o N\u00facleo 4, considerado o \u201cn\u00facleo da desinforma\u00e7\u00e3o\u201d, est\u00e1 agendado para os dias 6 e 7 de junho. Ainda n\u00e3o h\u00e1 data para a an\u00e1lise da Primeira Turma sobre o N\u00facleo 5.<\/p>\n<p>Os julgamentos ocorrem no \u00e2mbito da Peti\u00e7\u00e3o (Pet) 12.100, conhecido como \u201cinqu\u00e9rito do golpe\u201d.<\/p>","protected":false},"excerpt":{"rendered":"<p>A 1\u00aa Turma do Supremo Tribunal Federal (STF) analisar\u00e1 na pr\u00f3xima semana a den\u00fancia da Procuradoria-Geral da Rep\u00fablica (PGR) contra mais um grupo de acusados de envolvimento em tentativa de golpe de Estado. A acusa\u00e7\u00e3o contra o N\u00facleo 2, que envolve seis denunciados, entre eles o ex-diretor-geral da Pol\u00edcia Rodovi\u00e1ria Federal, Silvinei Vasques, ser\u00e1 julgada [&hellip;]<\/p>\n","protected":false},"author":0,"featured_media":0,"comment_status":"open","ping_status":"open","sticky":false,"template":"","format":"standard","meta":[],"categories":[1],"tags":[],"_links":{"self":[{"href":"https:\/\/aprimora.site\/carvalhoalmeidaadvogados\/wp-json\/wp\/v2\/posts\/10263"}],"collection":[{"href":"https:\/\/aprimora.site\/carvalhoalmeidaadvogados\/wp-json\/wp\/v2\/posts"}],"about":[{"href":"https:\/\/aprimora.site\/carvalhoalmeidaadvogados\/wp-json\/wp\/v2\/types\/post"}],"replies":[{"embeddable":true,"href":"https:\/\/aprimora.site\/carvalhoalmeidaadvogados\/wp-json\/wp\/v2\/comments?post=10263"}],"version-history":[{"count":0,"href":"https:\/\/aprimora.site\/carvalhoalmeidaadvogados\/wp-json\/wp\/v2\/posts\/10263\/revisions"}],"wp:attachment":[{"href":"https:\/\/aprimora.site\/carvalhoalmeidaadvogados\/wp-json\/wp\/v2\/media?parent=10263"}],"wp:term":[{"taxonomy":"category","embeddable":true,"href":"https:\/\/aprimora.site\/carvalhoalmeidaadvogados\/wp-json\/wp\/v2\/categories?post=10263"},{"taxonomy":"post_tag","embeddable":true,"href":"https:\/\/aprimora.site\/carvalhoalmeidaadvogados\/wp-json\/wp\/v2\/tags?post=10263"}],"curies":[{"name":"wp","href":"https:\/\/api.w.org\/{rel}","templated":true}]}}